{"id":2138,"date":"2017-04-18T17:06:09","date_gmt":"2017-04-18T15:06:09","guid":{"rendered":"http:\/\/igiornidellerose.it\/main\/?p=2138"},"modified":"2018-05-31T17:44:02","modified_gmt":"2018-05-31T15:44:02","slug":"programma-2018","status":"publish","type":"post","link":"https:\/\/igiornidellerose.it\/main\/programma-2018\/","title":{"rendered":"Programma 2018"},"content":{"rendered":"<h3><strong>VENERD\u00cc 8 GIUGNO<\/strong><\/h3>\n<p><strong>ore 10,30 Cerimonia inaugurale<\/strong><br \/>\nSaluto delle Autorit\u00e0<br \/>\nsaranno presenti:<br \/>\n<strong><em>S.E. Colm \u00d2 Floinn Ambasciatore <\/em><\/strong>d\u2019Irlanda, nazione ospite;<br \/>\n<strong><em>Giuseppina Massi Benedetti<\/em><\/strong>, Presidente del Garden Club Perugia ideatrice della manifestazione, presenta <strong>I Giorni delle Rose 2018<\/strong><br \/>\n<strong><em>Carlo Pagani<\/em><\/strong>, Maestro giardiniere e scrittore, Padrino della manifestazione.<\/p>\n<p><strong><em>Nella Limonaia<\/em><\/strong><br \/>\n<strong>ore 12,00 GIARDINI TERAPEUTICI<\/strong><br \/>\n<strong><em>Aldo Ranfa<\/em><\/strong>, Docente di Botanica Ambientale ed Applicata, Universit\u00e0 degli Studi di Perugia<\/p>\n<p><strong>ore 15,30 SERRANOVA 100% BIO<\/strong><br \/>\n<strong><em>Stefano Chiocchini, <\/em><\/strong>Architetto, illustra il suo progetto<br \/>\nVisita della Serra e degustazione dei prodotti a cura dell\u2019<strong>Universit\u00e0 dei Sapori<\/strong><\/p>\n<p><strong>ore 16,30 I GIARDINI DELLE ROSE<\/strong>, Premiazione dei progetti vincitori del\u00a0<strong>II Concorso Nazionale<\/strong>, <strong><em>Stefano Chiocchini <\/em><\/strong>Art Director<\/p>\n<p><strong><em>Nello storico Parco<\/em><\/strong><br \/>\n<strong>ore 18,00 PASSEGGIATA IRLANDESE*<\/strong><\/p>\n<h3><strong>SABATO 9 GIUGNO<\/strong><\/h3>\n<p><strong><em>Nella Limonaia<\/em><\/strong><br \/>\n<strong>ore 10,00 ROSETI D\u2019ITALIA<\/strong> Conferimento del premio al Roseto <strong>Niso Fumagalli<\/strong> della Villa Reale di Monza, a cura di <strong><em>Eraldo Antonini<\/em><\/strong>, coordinatore tecnico scientifico della rivista <strong>Giardini<\/strong>.<br \/>\nSeguir\u00e0 una presentazione con immagini del roseto<\/p>\n<p><strong>ore 11,00 PASSEGGIATA IRLANDESE*<\/strong><\/p>\n<p><strong>ore 12,00 ROSE PERDUTE E RITROVATE<\/strong><br \/>\nconversazione con l\u2019autore <strong>Carlo Pagani<\/strong><\/p>\n<p><strong>ore 15,30 PSICOLOGIA DEL PROFUMO<\/strong><br \/>\n<strong><em>Edoardo Matassi<\/em><\/strong>, A.D. Expression Parfum\u00e9e Italia<\/p>\n<p><strong>ore 16,30 A TAVOLA! ROSE DA VEDERE E DA MANGIARE<\/strong><br \/>\n<strong><em>Le Maestre<\/em><\/strong> della <strong>S.I.A.F.<\/strong> Scuola Italiana di Arte Floreale e <strong><em>Monia Caneschi <\/em><\/strong>\u00a0dell\u2019<strong>Extravergine oleoteca<\/strong><\/p>\n<p><strong>ore 17,30 ROSELLA<\/strong> la nuova crema spalmabile alla rosa: presentazione e degustazione<br \/>\n<strong><em>Marilena Badolato<\/em><\/strong>, antropologa del gusto e <strong><em>Giacomo Mangano<\/em><\/strong>, Cioccolateria Augusta Perusia<\/p>\n<p><strong><em>Nella Palazzina<\/em><\/strong><br \/>\n<strong>ore 10,30\u00a0e 15,30 KID\u2019S-LAB<\/strong>: l\u2019olfatto raccontato ai bambini\u00a0 dai 6 ai 10 anni in collaborazione con l\u2019Accademia del Profumo (laboratorio gratuito della durata di 1 ora)<br \/>\nInfo e prenotazioni fino ad esaurimento posti: 340-3784420<\/p>\n<h3><strong>DOMENICA 10 GIUGNO<\/strong><\/h3>\n<p><strong><em>Nella Limonaia <\/em><\/strong><em>una mattinata con Calliope, musa della poesia<\/em><br \/>\n<strong>ore 10,30 LA POESIA NELLA LETTERATURA IRLANDESE<\/strong><br \/>\n<strong><em>Eil\u00e9an N\u00ed Chuillean\u00e1in<\/em><\/strong>, Trinity College Dublino<br \/>\nI poeti: <strong><em>Eil\u00e9an N\u00ed Chuillean\u00e1in, Ciaran O\u2019 Driscoll, Macdara Woods<\/em><\/strong>, leggono le loro poesie accompagnati da musica tradizionale irlandese.\u00a0<strong><em>Rita Castigli<\/em><\/strong> traduce<\/p>\n<p><strong>ore 11,30 V CONCORSO NAZIONALE DI POESIA I Giorni delle Rose <\/strong>premiazione dei vincitori<strong>, <\/strong><strong><em>Valter Romagnoli <\/em><\/strong>voce recitante<\/p>\n<p><strong>ore 12,30 LETTURE OLFATTIVE<\/strong><br \/>\n<strong><em>Valter Romagnoli <\/em><\/strong>voce recitante a cura dell\u2019<strong>Accademia del Profumo<\/strong><\/p>\n<p><strong>ore 15,00 ROSA, ROSAE <\/strong>nelle sue infinite sfaccettature, attraverso stimolazioni olfattive<br \/>\n<strong><em>Luca Maffei,<\/em><\/strong> \u201cnaso\u201d creatore di <strong>Atelier Fragranze Milano (TBD)<\/strong><\/p>\n<p><strong>ore 18,30 CONCERTO DEL PROGETTO OMAGGIO all\u2019UMBRIA<\/strong> di <strong><em>Laura Musella<\/em><\/strong><br \/>\n<strong><em>Stefano Mhanna<\/em><\/strong> violino e pianoforte, <strong><em>Stefano Ragni<\/em><\/strong> pianoforte<\/p>\n<p><strong><em>Nello Storico parco<\/em><\/strong><br \/>\n<strong>ore 15,30 PASSEGGIATA IRLANDESE*<\/strong><\/p>\n<p><strong>ore 16,00 UNA ROSA IN TESTA<\/strong><br \/>\nSfilata e premiazione di cappelli e acconciature con rose indossati dai visitatori<\/p>\n<p><strong><em>Nella Palazzina<\/em><\/strong><br \/>\n<strong>ore 10,30 50 SFUMATURE DI ROSA <\/strong>\u00a0percorso sensoriale per comporre il proprio accordo profumato) a cura <strong>di <\/strong><strong><em>Mouillettes &amp; Co. <\/em><\/strong><br \/>\nInfo e prenotazioni: info@mouillettes-and-co.com<\/p>\n<p><strong>ore 16,00 KID\u2019S- LAB:<\/strong> l\u2019olfatto raccontato ai bambini\u00a0 dai 6 ai 10 anni in collaborazione con l\u2019<strong>Accademia del Profumo<\/strong> (laboratorio gratuito della durata di 1 ora)<br \/>\nInfo e prenotazioni fino ad esaurimento posti: 340-3784420<\/p>\n<h3><strong>DURANTE LE TRE GIORNATE<\/strong><\/h3>\n<p><strong><em>Nella Palazzina<\/em><\/strong><br \/>\n<strong>ore 10,00-19,00<\/strong><br \/>\n<strong>Le mostre<\/strong>\u00a0<strong>STRAORDINARIO SENTIRE<\/strong> trilogia del profumo in tre atti<br \/>\nMostra a cura dell\u2019<strong>Accademia del Profumo<\/strong> di Milano<\/p>\n<p><strong>I FOULARD DEI FIORI<\/strong> <strong>di<\/strong> <strong>Daphn\u00e9<\/strong> <strong>Sanremo<\/strong><\/p>\n<p><strong>LE ROSE OLTRE IL GIARDINO\u00a0<\/strong>tra moda progetti e scritture sbocciano nuove ispirazioni, crescono nuove tendenze<br \/>\n<strong><em>Pola Cecchi Birignani<\/em><\/strong><\/p>\n<p><strong>AGGIUNGI UNA ROSA A TAVOLA\u00a0<\/strong>atelier di artista<br \/>\n<strong><em>Cinzia Verni<\/em><\/strong> e <strong><em>Simona Rinciari<\/em><\/strong><\/p>\n<p><strong>ARTIGIANATO ARTISTICO ED EDITORIA<\/strong><\/p>\n<p><strong><em>Nella Limonia<\/em><\/strong><br \/>\n<strong>ore 10,00-19,00 <\/strong><br \/>\n<strong>SCULTURE\u00a0<\/strong><strong><em>Janet Mullarney<\/em><\/strong><br \/>\n<strong>PITTURE\u00a0<\/strong><strong><em>Anne Donnelly<\/em><\/strong><\/p>\n<p><strong>ore 10,00-19,00 ROSONI DELL\u2019UMBRIA<\/strong><br \/>\nIl Rosone di S. Feliciano di Foligno realizzato dai <strong>Maestri dell\u2019arte della paglia di Foglianise<\/strong><\/p>\n<p><strong><em>Nello storico parco<\/em><\/strong><br \/>\n<strong>ore 10,00-19,00\u00a0 Mostra mercato<\/strong> &#8211; <strong>LE ROSE E LORO COMPAGNIA<\/strong><\/p>\n<ul>\n<li><strong>Ibridatori e Vivaisti<\/strong><\/li>\n<li><strong>Arredi da giardino <\/strong><\/li>\n<li><strong>Artigianato verde<\/strong><\/li>\n<li><strong>Rose a tavola e in cucina<\/strong><\/li>\n<li><strong>Rose nella bellezza, nella moda, nell\u2019arredo<\/strong><\/li>\n<li><strong>Rose nell\u2019editoria e nell\u2019arte<\/strong><\/li>\n<\/ul>\n<p><strong>Corsi <\/strong>di <strong>COLTIVAZIONE DELLE ROSE\u00a0<\/strong>a cura di <strong><em>Paolo Melissi<\/em><\/strong>, collaboratore del <strong>Roseto Fineschi<\/strong><br \/>\nInfo e prenotazioni: Cell. 335-7171644<\/p>\n<p><strong>Installazione di LAND ART,<\/strong> curata dalle Maestre e dalle Allieve della S.I.A.F. di Perugia, arricchir\u00e0 lo storico giardino.<\/p>\n<p><strong>IV CONCORSO NAZIONALE DI ARTE FOTOGRAFICA\u00a0<\/strong><strong>I Giorni delle Rose <\/strong>a cura di Cinefoto Hispellum\u00a0 (info tel. 347 5813929)<\/p>\n<p><strong>10,00-18,00<\/strong>\u00a0<strong>Possibilit\u00e0 di visita al Piccolo S. Damiano<\/strong> (Villa Costanzi) con accesso diretto dal Parco di Villa Fidelia, per gentile concessione delle <strong><em>Suore Francescane Missionarie d\u2019Egitto<\/em><\/strong><\/p>\n<p>Gli eventi delle tre giornate sono condotti da <strong><em>Ambra Cenci<\/em><\/strong><\/p>\n<p>*<strong>PASSEGGIATA IRLANDESE\u00a0<\/strong>guidata nei giardini di Villa Fidelia per incontrare gli artisti e gli artigiani irlandesi con la partecipazione di <strong><em>Eleonora Cocchini, Brunella Spaterna<\/em><\/strong> e <strong><em>Serena Fagioli<\/em><\/strong><\/p>\n<p><strong>ore 10,00-19,00\u00a0 <\/strong><em>All\u2019ingresso\u00a0 &#8211; <\/em>Bar Ristoro<strong> \u201cLe rose\u201d<\/strong>,\u00a0<em>presso la Palazzina<\/em> &#8211; Bar caffetteria<strong> \u201cIl Giardino delle Rose\u201d<\/strong><\/p>\n<p><strong>ore 12,00- 14,30<\/strong> <em>Al Belvedere dell\u2019Orologio &#8211; <\/em>\u00a0\u201c<strong>Buffet<\/strong> <strong>Belvedere\u201d<\/strong><\/p>\n<p><em>Sono disponibili due aree di parcheggio <\/em><em>gratuito nei pressi della Villa<\/em><\/p>\n<p><strong><em>Ingresso libero<\/em><\/strong><\/p>\n<h3><a href=\"http:\/\/www.igiornidellerose.it\/documenti\/Programma 2018.pdf\" target=\"_blank\" rel=\"noopener\"><strong>&gt;&gt; SCARICA IL PROGRAMMA<\/strong><\/a><\/h3>\n","protected":false},"excerpt":{"rendered":"<p>VENERD\u00cc 8 GIUGNO ore 10,30 Cerimonia inaugurale Saluto delle Autorit\u00e0 saranno presenti: S.E. Colm \u00d2 Floinn Ambasciatore d\u2019Irlanda, nazione ospite; Giuseppina Massi Benedetti, Presidente del Garden Club Perugia ideatrice della manifestazione, presenta I Giorni delle Rose 2018 Carlo Pagani, Maestro giardiniere e scrittore, Padrino della manifestazione. Nella Limonaia ore 12,00 GIARDINI TERAPEUTICI Aldo Ranfa, Docente [&hellip;]<\/p>\n","protected":false},"author":1,"featured_media":2139,"comment_status":"closed","ping_status":"closed","sticky":false,"template":"","format":"standard","meta":{"footnotes":""},"categories":[58],"tags":[],"_links":{"self":[{"href":"https:\/\/igiornidellerose.it\/main\/wp-json\/wp\/v2\/posts\/2138"}],"collection":[{"href":"https:\/\/igiornidellerose.it\/main\/wp-json\/wp\/v2\/posts"}],"about":[{"href":"https:\/\/igiornidellerose.it\/main\/wp-json\/wp\/v2\/types\/post"}],"author":[{"embeddable":true,"href":"https:\/\/igiornidellerose.it\/main\/wp-json\/wp\/v2\/users\/1"}],"replies":[{"embeddable":true,"href":"https:\/\/igiornidellerose.it\/main\/wp-json\/wp\/v2\/comments?post=2138"}],"version-history":[{"count":21,"href":"https:\/\/igiornidellerose.it\/main\/wp-json\/wp\/v2\/posts\/2138\/revisions"}],"predecessor-version":[{"id":2774,"href":"https:\/\/igiornidellerose.it\/main\/wp-json\/wp\/v2\/posts\/2138\/revisions\/2774"}],"wp:featuredmedia":[{"embeddable":true,"href":"https:\/\/igiornidellerose.it\/main\/wp-json\/wp\/v2\/media\/2139"}],"wp:attachment":[{"href":"https:\/\/igiornidellerose.it\/main\/wp-json\/wp\/v2\/media?parent=2138"}],"wp:term":[{"taxonomy":"category","embeddable":true,"href":"https:\/\/igiornidellerose.it\/main\/wp-json\/wp\/v2\/categories?post=2138"},{"taxonomy":"post_tag","embeddable":true,"href":"https:\/\/igiornidellerose.it\/main\/wp-json\/wp\/v2\/tags?post=2138"}],"curies":[{"name":"wp","href":"https:\/\/api.w.org\/{rel}","templated":true}]}}