{"id":2263,"date":"2017-04-19T18:11:47","date_gmt":"2017-04-19T16:11:47","guid":{"rendered":"http:\/\/igiornidellerose.it\/main\/?p=2263"},"modified":"2018-05-14T12:06:16","modified_gmt":"2018-05-14T10:06:16","slug":"farfalle-di-sogno","status":"publish","type":"post","link":"https:\/\/igiornidellerose.it\/main\/farfalle-di-sogno\/","title":{"rendered":"Farfalle di sogno 2017"},"content":{"rendered":"<p>\u201cFiori danzanti\u201d,\u00a0cos\u00ec sono state descritte le farfalle, in omaggio a queste creature di sogno nonch\u00e9 elemento poetico di ogni giardino che si ritiene tale.<\/p>\n<p>I Giorni delle Rose ospiter\u00e0 quest\u2019anno una grande mostra a loro dedicata.<\/p>\n<p>Il percorso della mostra prevede visite guidate in compagnia di giovani esperti nella esplorazione e osservazione in diretta del mondo delle farfalle, per concludersi in modo emozionante nel geodomo posizionato all\u2019esterno della Villa in cui sar\u00e0 possibile ammirare, magicamente e liberamente in volo, spettacolari e coloratissimi esemplari di farfalle tropicali, inclusa la gigantesca <em>Attacus Atlas<\/em>, la Farfalla Cobra che, con l\u2019impressionante apertura alare di 28-30 centimetri, viene a ragione considerata la farfalla pi\u00f9 grande del mondo.<\/p>\n\n\t\t<style type=\"text\/css\">\n\t\t\t#gallery-1 {\n\t\t\t\tmargin: auto;\n\t\t\t}\n\t\t\t#gallery-1 .gallery-item {\n\t\t\t\tfloat: left;\n\t\t\t\tmargin-top: 10px;\n\t\t\t\ttext-align: center;\n\t\t\t\twidth: 33%;\n\t\t\t}\n\t\t\t#gallery-1 img {\n\t\t\t\tborder: 2px solid #cfcfcf;\n\t\t\t}\n\t\t\t#gallery-1 .gallery-caption {\n\t\t\t\tmargin-left: 0;\n\t\t\t}\n\t\t\t\/* see gallery_shortcode() in wp-includes\/media.php *\/\n\t\t<\/style>\n\t\t<div id='gallery-1' class='gallery galleryid-2263 gallery-columns-3 gallery-size-medium'><dl class='gallery-item'>\n\t\t\t<dt class='gallery-icon landscape'>\n\t\t\t\t<img loading=\"lazy\" decoding=\"async\" width=\"400\" height=\"300\" src=\"https:\/\/igiornidellerose.it\/main\/wp-content\/uploads\/2017\/04\/farfalle3-400x300.jpg\" class=\"attachment-medium size-medium\" alt=\"\" srcset=\"https:\/\/igiornidellerose.it\/main\/wp-content\/uploads\/2017\/04\/farfalle3-400x300.jpg 400w, https:\/\/igiornidellerose.it\/main\/wp-content\/uploads\/2017\/04\/farfalle3-768x576.jpg 768w, https:\/\/igiornidellerose.it\/main\/wp-content\/uploads\/2017\/04\/farfalle3-1024x768.jpg 1024w, https:\/\/igiornidellerose.it\/main\/wp-content\/uploads\/2017\/04\/farfalle3.jpg 1600w\" sizes=\"(max-width: 400px) 100vw, 400px\" \/>\n\t\t\t<\/dt><\/dl><dl class='gallery-item'>\n\t\t\t<dt class='gallery-icon landscape'>\n\t\t\t\t<img loading=\"lazy\" decoding=\"async\" width=\"400\" height=\"300\" src=\"https:\/\/igiornidellerose.it\/main\/wp-content\/uploads\/2017\/04\/farfalle2-400x300.jpg\" class=\"attachment-medium size-medium\" alt=\"\" srcset=\"https:\/\/igiornidellerose.it\/main\/wp-content\/uploads\/2017\/04\/farfalle2-400x300.jpg 400w, https:\/\/igiornidellerose.it\/main\/wp-content\/uploads\/2017\/04\/farfalle2-768x576.jpg 768w, https:\/\/igiornidellerose.it\/main\/wp-content\/uploads\/2017\/04\/farfalle2-1024x768.jpg 1024w, https:\/\/igiornidellerose.it\/main\/wp-content\/uploads\/2017\/04\/farfalle2.jpg 1600w\" sizes=\"(max-width: 400px) 100vw, 400px\" \/>\n\t\t\t<\/dt><\/dl><dl class='gallery-item'>\n\t\t\t<dt class='gallery-icon landscape'>\n\t\t\t\t<img loading=\"lazy\" decoding=\"async\" width=\"400\" height=\"300\" src=\"https:\/\/igiornidellerose.it\/main\/wp-content\/uploads\/2017\/04\/farfalle1-400x300.jpg\" class=\"attachment-medium size-medium\" alt=\"\" srcset=\"https:\/\/igiornidellerose.it\/main\/wp-content\/uploads\/2017\/04\/farfalle1-400x300.jpg 400w, https:\/\/igiornidellerose.it\/main\/wp-content\/uploads\/2017\/04\/farfalle1-768x576.jpg 768w, https:\/\/igiornidellerose.it\/main\/wp-content\/uploads\/2017\/04\/farfalle1-1024x768.jpg 1024w, https:\/\/igiornidellerose.it\/main\/wp-content\/uploads\/2017\/04\/farfalle1.jpg 1600w\" sizes=\"(max-width: 400px) 100vw, 400px\" \/>\n\t\t\t<\/dt><\/dl><br style=\"clear: both\" \/>\n\t\t<\/div>\n\n","protected":false},"excerpt":{"rendered":"<p>\u201cFiori danzanti\u201d,\u00a0cos\u00ec sono state descritte le farfalle, in omaggio a queste creature di sogno nonch\u00e9 elemento poetico di ogni giardino che si ritiene tale. I Giorni delle Rose ospiter\u00e0 quest\u2019anno una grande mostra a loro dedicata. Il percorso della mostra prevede visite guidate in compagnia di giovani esperti nella esplorazione e osservazione in diretta del [&hellip;]<\/p>\n","protected":false},"author":1,"featured_media":2267,"comment_status":"closed","ping_status":"closed","sticky":false,"template":"","format":"standard","meta":{"footnotes":""},"categories":[53],"tags":[78,77,60],"_links":{"self":[{"href":"https:\/\/igiornidellerose.it\/main\/wp-json\/wp\/v2\/posts\/2263"}],"collection":[{"href":"https:\/\/igiornidellerose.it\/main\/wp-json\/wp\/v2\/posts"}],"about":[{"href":"https:\/\/igiornidellerose.it\/main\/wp-json\/wp\/v2\/types\/post"}],"author":[{"embeddable":true,"href":"https:\/\/igiornidellerose.it\/main\/wp-json\/wp\/v2\/users\/1"}],"replies":[{"embeddable":true,"href":"https:\/\/igiornidellerose.it\/main\/wp-json\/wp\/v2\/comments?post=2263"}],"version-history":[{"count":7,"href":"https:\/\/igiornidellerose.it\/main\/wp-json\/wp\/v2\/posts\/2263\/revisions"}],"predecessor-version":[{"id":2692,"href":"https:\/\/igiornidellerose.it\/main\/wp-json\/wp\/v2\/posts\/2263\/revisions\/2692"}],"wp:featuredmedia":[{"embeddable":true,"href":"https:\/\/igiornidellerose.it\/main\/wp-json\/wp\/v2\/media\/2267"}],"wp:attachment":[{"href":"https:\/\/igiornidellerose.it\/main\/wp-json\/wp\/v2\/media?parent=2263"}],"wp:term":[{"taxonomy":"category","embeddable":true,"href":"https:\/\/igiornidellerose.it\/main\/wp-json\/wp\/v2\/categories?post=2263"},{"taxonomy":"post_tag","embeddable":true,"href":"https:\/\/igiornidellerose.it\/main\/wp-json\/wp\/v2\/tags?post=2263"}],"curies":[{"name":"wp","href":"https:\/\/api.w.org\/{rel}","templated":true}]}}