{"id":2441,"date":"2017-04-28T21:41:33","date_gmt":"2017-04-28T19:41:33","guid":{"rendered":"http:\/\/igiornidellerose.it\/main\/?p=2441"},"modified":"2017-04-28T21:42:43","modified_gmt":"2017-04-28T19:42:43","slug":"sencha-dream","status":"publish","type":"post","link":"https:\/\/igiornidellerose.it\/main\/sencha-dream\/","title":{"rendered":"Sencha Dream"},"content":{"rendered":"<p class=\"p1\" style=\"text-align: right;\"><em>di\u00a0Marilena Badolato<\/em><\/p>\n<p class=\"p1\"><strong>PROFUMO DI ROSA:<\/strong>\u00a0il suo estratto vale quanto l\u2019oro, il suo profumo \u00e8 diffuso nei luoghi di potere perch\u00e9 sembra che aiuti la memoria e la concentrazione. Indubbiamente piace. I suoi colori e le sue forme influenzano la moda. Per il colore o per il profumo o per quella forma \u201cmistica\u201d, un mistero chiuso<span class=\"Apple-converted-space\">\u00a0 <\/span>nel segreto del bocciolo, la rosa \u00e8 sempre in auge. Spinta inconscia da radici antiche, anzi antichissime, il profumo della rosa piace a tutti,<span class=\"Apple-converted-space\">\u00a0 <\/span>\u00e8 in un certo senso rassicurante. Ha una immagine \u201csuggerente\u201d atmosfere e immagini di bellezza e serenit\u00e0.<span class=\"Apple-converted-space\">\u00a0 <\/span>Bellezza e profumo di rosa sono in stretto e affascinante connubio: \u00e8 come se l\u2019una richiamasse l\u2019altro e questi senza l\u2019altra non potesse esistere. Come se la Natura si esprimesse tutta intera in un suo manufatto bello e profumato.<\/p>\n<p class=\"p2\"><strong>I GIORNI DELLE ROSE:<\/strong> sta qui il mistero-rosa, una lunga storia di atmosfera, evocazione, emozione. Un evento a 360 gradi dedicato a questo antichissimo fiore nel quale la Natura sembra aver espresso nei millenni tutta se stessa. Tanta storia dietro quei boccioli chiusi, che in origine significavano fedelt\u00e0. Dai Sumeri, agli Egiziani, ai Greci e Latini. <i>Nox mulier vinum<\/i><span class=\"Apple-converted-space\">\u00a0 <\/span>era per i Romani tutto<span class=\"Apple-converted-space\">\u00a0 <\/span>quanto<span class=\"Apple-converted-space\">\u00a0 <\/span>si potesse desiderare. Essi aromatizzavano il vino addolcito con il miele, il <i>mulsum,<\/i> e aggiungevano petali di rosa e pepe, affinch\u00e8 la bevanda diventasse complice di notti d\u2019amore. Rosa dagli innumerevoli significati simbolici, dalla <i>Rosa Mystica<\/i> emblema della Madonna, ai \u201cgrani del rosario\u201d, alla rosa come ideale di perfezione di uno stato morale simbolo dei Catari e dei Templari, a simbolo di morte e resurrezione nella setta segreta della Rosacroce, alla rosa profana, fiore che accompagna il ritratto di dame, simbolo della vanit\u00e0 e della bellezza caduca. Ambivalente fiore, simbolo di amore tout court, dell&#8217;Amor Sacro e dell&#8217;Amor Profano, Venere e sposa contemporaneamente come nell&#8217;omonima opera di Tiziano Vecellio. La rosa ha una storia antichissima di bellezza e profumo ma anche di gusto, se da sempre l\u2019uomo ha tentato di trasferire i suoi petali in bevande, in infusioni e in preparazioni culinarie, ai quali la bellezza del colore dei petali e l\u2019aroma lievemente dolciastro avrebbero conferito il loro magico allure. Infatti l\u2019impiego alimentare di petali di fiori per impreziosire i nostri piatti non \u00e8 una tendenza <i>glamour<\/i>, ma un\u2019idea che in passato era una vera e propria consuetudine. Cos\u00ec mentre lo scorso anno<span class=\"Apple-converted-space\">\u00a0 <\/span>la rosa ha invaso con il suo aroma il gelato di un noto pasticcere che ha creato un<span class=\"Apple-converted-space\">\u00a0 <\/span>\u201c<i>icerose\u201d<\/i> proprio per \u201cI giorni delle rose\u201d, quest\u2019anno a Villa Fidelia la rosa, anzi i boccioli di rosa, si immergeranno in un t\u00e8 verde, un profumato <i>scented sencha<\/i>,<span class=\"Apple-converted-space\">\u00a0 <\/span>bevanda salutare per eccellenza, a regalare curiosit\u00e0<span class=\"Apple-converted-space\">\u00a0 <\/span>ai presenti a questo appuntamento. Nella miscela di t\u00e8 anche piccoli semi essiccati di<b> melagrana, la \u201cmela granata\u201d latina, il rosso sangue della terra, inseriti ad armonizzare il \u201cgusto dolce\u201d della rosa. <\/b>Un \u201c <i>Sencha dream<\/i>\u201d a Villa Fidelia, ch\u00e8 il sogno \u00e8 il tema di<span class=\"Apple-converted-space\">\u00a0 <\/span>quest\u2019anno. Il t\u00e8 \u00e8 un eccitante e pur ci rilassa. Dietetico<span class=\"Apple-converted-space\">\u00a0 <\/span>e pur appagante. Un intenso amalgama di leggende, storie, emozioni, sapori. Tante civilt\u00e0 dietro una tazza di t\u00e8<span class=\"Apple-converted-space\">\u00a0 <\/span>e mondi diversi che lo bevono, ognuno a modo suo, tanto da creare un rito, un<span class=\"Apple-converted-space\">\u00a0 <\/span>mito. Un mondo che unisce golosi e salutisti insieme, in un assaggio con tartine e dolcetti, oppure sorseggiato semplicemente osservando le ampie volute di fumo. Innamorati del t\u00e8, non vi sono mezze misure, piace o non piace, e se piace si entra nel suo straordinario mondo fatto di conoscenza e di degustazioni, di letteratura e teiere e tazze dallo straordinario design e di prove d\u2019assaggio di colori e sapori indimenticabili. Innamorati della rosa, del suo profumo e colore, del suo messaggio dagli<span class=\"Apple-converted-space\">\u00a0 <\/span>antichissimi significati, del suo essere fortemente simbolo. Il t\u00e8 \u00e8 una emozione e un viaggio \u00e8 stato detto. Viaggiate con noi, allora. Tra rose e t\u00e8.<\/p>\n","protected":false},"excerpt":{"rendered":"<p>di\u00a0Marilena Badolato PROFUMO DI ROSA:\u00a0il suo estratto vale quanto l\u2019oro, il suo profumo \u00e8 diffuso nei luoghi di potere perch\u00e9 sembra che aiuti la memoria e la concentrazione. Indubbiamente piace. I suoi colori e le sue forme influenzano la moda. Per il colore o per il profumo o per quella forma \u201cmistica\u201d, un mistero chiuso\u00a0 [&hellip;]<\/p>\n","protected":false},"author":1,"featured_media":2442,"comment_status":"closed","ping_status":"closed","sticky":false,"template":"","format":"standard","meta":{"footnotes":""},"categories":[47],"tags":[79,80],"_links":{"self":[{"href":"https:\/\/igiornidellerose.it\/main\/wp-json\/wp\/v2\/posts\/2441"}],"collection":[{"href":"https:\/\/igiornidellerose.it\/main\/wp-json\/wp\/v2\/posts"}],"about":[{"href":"https:\/\/igiornidellerose.it\/main\/wp-json\/wp\/v2\/types\/post"}],"author":[{"embeddable":true,"href":"https:\/\/igiornidellerose.it\/main\/wp-json\/wp\/v2\/users\/1"}],"replies":[{"embeddable":true,"href":"https:\/\/igiornidellerose.it\/main\/wp-json\/wp\/v2\/comments?post=2441"}],"version-history":[{"count":3,"href":"https:\/\/igiornidellerose.it\/main\/wp-json\/wp\/v2\/posts\/2441\/revisions"}],"predecessor-version":[{"id":2445,"href":"https:\/\/igiornidellerose.it\/main\/wp-json\/wp\/v2\/posts\/2441\/revisions\/2445"}],"wp:featuredmedia":[{"embeddable":true,"href":"https:\/\/igiornidellerose.it\/main\/wp-json\/wp\/v2\/media\/2442"}],"wp:attachment":[{"href":"https:\/\/igiornidellerose.it\/main\/wp-json\/wp\/v2\/media?parent=2441"}],"wp:term":[{"taxonomy":"category","embeddable":true,"href":"https:\/\/igiornidellerose.it\/main\/wp-json\/wp\/v2\/categories?post=2441"},{"taxonomy":"post_tag","embeddable":true,"href":"https:\/\/igiornidellerose.it\/main\/wp-json\/wp\/v2\/tags?post=2441"}],"curies":[{"name":"wp","href":"https:\/\/api.w.org\/{rel}","templated":true}]}}