{"id":2447,"date":"2017-04-28T21:54:06","date_gmt":"2017-04-28T19:54:06","guid":{"rendered":"http:\/\/igiornidellerose.it\/main\/?p=2447"},"modified":"2018-05-14T12:05:38","modified_gmt":"2018-05-14T10:05:38","slug":"un-te-alla-rosa-sencha-dream","status":"publish","type":"post","link":"https:\/\/igiornidellerose.it\/main\/un-te-alla-rosa-sencha-dream\/","title":{"rendered":"Un t\u00e8 alla Rosa: &#8220;Sencha dream&#8221; 2017"},"content":{"rendered":"<p class=\"p1\">Appuntamento molto amato ogni anno dal nostro pubblico \u00e8 l\u2019incontro con la ricerca raffinata svolta dall\u2019antropologa del gusto Marilena Badolato sul uso <i>gourmet <\/i>della Rosa.<\/p>\n<p class=\"p1\">Cos\u00ec mentre lo scorso anno la rosa ha invaso con il suo aroma il gelato di un noto pasticciere che ha creato un \u201c<i>icerose\u201d<\/i> proprio per \u201cI Giorni delle Rose\u201d, quest\u2019anno a Villa Fidelia la rosa, anzi i boccioli di rosa, si immergeranno in un t\u00e8 verde, un profumato <i>scented sencha<\/i>,<span class=\"Apple-converted-space\">\u00a0 <\/span>bevanda salutare per eccellenza, a regalare curiosit\u00e0<span class=\"Apple-converted-space\">\u00a0 <\/span>ai presenti a questo appuntamento. Nella miscela di t\u00e8 anche piccoli semi essiccati di<b> <\/b>melagrana, la \u201cmela granata\u201d latina, il rosso sangue della terra, inseriti ad armonizzare il \u201cgusto dolce\u201d della rosa. Un \u201c <i>Sencha dream<\/i>\u201d a Villa Fidelia, dove il sogno \u00e8 il tema di<span class=\"Apple-converted-space\">\u00a0 <\/span>quest\u2019anno.<\/p>\n<p class=\"p1\">Il t\u00e8 \u00e8 una emozione e un viaggio, \u00e8 stato detto. Viaggiate con noi, allora. Tra rose e t\u00e8.<\/p>\n<p class=\"p1\" style=\"text-align: right;\"><b>Sabato 3 giugno, ore 17, nella Limonaia <\/b><\/p>\n<p class=\"p3\" style=\"text-align: right;\"><b><i>Troverete un approfondimento su questo tema scritto da Marilena, appassionata giornalista e studiosa del t\u00e8, anche nel nostro blog.<\/i><\/b><\/p>\n<p class=\"p3\" style=\"text-align: right;\"><b><i>Si ringrazia \u201cIl Negozio del T\u00e8\u201d di Perugia per la collaborazione.<\/i><\/b><\/p>\n","protected":false},"excerpt":{"rendered":"<p>Appuntamento molto amato ogni anno dal nostro pubblico \u00e8 l\u2019incontro con la ricerca raffinata svolta dall\u2019antropologa del gusto Marilena Badolato sul uso gourmet della Rosa. Cos\u00ec mentre lo scorso anno la rosa ha invaso con il suo aroma il gelato di un noto pasticciere che ha creato un \u201cicerose\u201d proprio per \u201cI Giorni delle Rose\u201d, [&hellip;]<\/p>\n","protected":false},"author":1,"featured_media":2448,"comment_status":"closed","ping_status":"closed","sticky":false,"template":"","format":"standard","meta":{"footnotes":""},"categories":[64],"tags":[],"_links":{"self":[{"href":"https:\/\/igiornidellerose.it\/main\/wp-json\/wp\/v2\/posts\/2447"}],"collection":[{"href":"https:\/\/igiornidellerose.it\/main\/wp-json\/wp\/v2\/posts"}],"about":[{"href":"https:\/\/igiornidellerose.it\/main\/wp-json\/wp\/v2\/types\/post"}],"author":[{"embeddable":true,"href":"https:\/\/igiornidellerose.it\/main\/wp-json\/wp\/v2\/users\/1"}],"replies":[{"embeddable":true,"href":"https:\/\/igiornidellerose.it\/main\/wp-json\/wp\/v2\/comments?post=2447"}],"version-history":[{"count":3,"href":"https:\/\/igiornidellerose.it\/main\/wp-json\/wp\/v2\/posts\/2447\/revisions"}],"predecessor-version":[{"id":2689,"href":"https:\/\/igiornidellerose.it\/main\/wp-json\/wp\/v2\/posts\/2447\/revisions\/2689"}],"wp:featuredmedia":[{"embeddable":true,"href":"https:\/\/igiornidellerose.it\/main\/wp-json\/wp\/v2\/media\/2448"}],"wp:attachment":[{"href":"https:\/\/igiornidellerose.it\/main\/wp-json\/wp\/v2\/media?parent=2447"}],"wp:term":[{"taxonomy":"category","embeddable":true,"href":"https:\/\/igiornidellerose.it\/main\/wp-json\/wp\/v2\/categories?post=2447"},{"taxonomy":"post_tag","embeddable":true,"href":"https:\/\/igiornidellerose.it\/main\/wp-json\/wp\/v2\/tags?post=2447"}],"curies":[{"name":"wp","href":"https:\/\/api.w.org\/{rel}","templated":true}]}}