{"id":2683,"date":"2018-05-08T13:29:00","date_gmt":"2018-05-08T11:29:00","guid":{"rendered":"http:\/\/igiornidellerose.it\/main\/?p=2683"},"modified":"2018-05-08T13:29:00","modified_gmt":"2018-05-08T11:29:00","slug":"concerto-i-giorni-delle-rose-2018","status":"publish","type":"post","link":"https:\/\/igiornidellerose.it\/main\/concerto-i-giorni-delle-rose-2018\/","title":{"rendered":"Concerto \u201cI giorni Delle Rose\u201d 2018"},"content":{"rendered":"<p>Il concerto per \u201cI Giorni delle Rose\u201d fa parte della edizione 2018 delle attivit\u00e0 del progetto \u201cOmaggio all\u2019Umbria\u201d, che ha come temi fondanti la valorizzazione di giovani musicisti di eccellenza e la promozione del patrimonio artistico e naturalistico della regione dell\u2019Umbria.<\/p>\n<p>Protagonista del concerto quest\u2019anno saranno il giovane violinista <strong>Stefano Mhanna<\/strong>.<\/p>\n<p>Stefano Mhanna sar\u00e0 accompagnato al pianoforte da Stefano Ragni, bravo musicologo e \u00a0fertile scrittore oltrech\u00e9 valente pianista.<\/p>\n<p>In programma musiche di Fryderyk Chopin, Henryk Wieniawski,\u00a0 P\u00ebtr Il&#8217;i\u010d \u010cajkovskij<\/p>\n<p style=\"text-align: right;\"><em>Domenica 10 giugno 2018, ore 18,30<\/em><\/p>\n","protected":false},"excerpt":{"rendered":"<p>Il concerto per \u201cI Giorni delle Rose\u201d fa parte della edizione 2018 delle attivit\u00e0 del progetto \u201cOmaggio all\u2019Umbria\u201d, che ha come temi fondanti la valorizzazione di giovani musicisti di eccellenza e la promozione del patrimonio artistico e naturalistico della regione dell\u2019Umbria. Protagonista del concerto quest\u2019anno saranno il giovane violinista Stefano Mhanna. Stefano Mhanna sar\u00e0 accompagnato [&hellip;]<\/p>\n","protected":false},"author":1,"featured_media":2684,"comment_status":"closed","ping_status":"closed","sticky":false,"template":"","format":"standard","meta":{"footnotes":""},"categories":[55],"tags":[],"_links":{"self":[{"href":"https:\/\/igiornidellerose.it\/main\/wp-json\/wp\/v2\/posts\/2683"}],"collection":[{"href":"https:\/\/igiornidellerose.it\/main\/wp-json\/wp\/v2\/posts"}],"about":[{"href":"https:\/\/igiornidellerose.it\/main\/wp-json\/wp\/v2\/types\/post"}],"author":[{"embeddable":true,"href":"https:\/\/igiornidellerose.it\/main\/wp-json\/wp\/v2\/users\/1"}],"replies":[{"embeddable":true,"href":"https:\/\/igiornidellerose.it\/main\/wp-json\/wp\/v2\/comments?post=2683"}],"version-history":[{"count":1,"href":"https:\/\/igiornidellerose.it\/main\/wp-json\/wp\/v2\/posts\/2683\/revisions"}],"predecessor-version":[{"id":2685,"href":"https:\/\/igiornidellerose.it\/main\/wp-json\/wp\/v2\/posts\/2683\/revisions\/2685"}],"wp:featuredmedia":[{"embeddable":true,"href":"https:\/\/igiornidellerose.it\/main\/wp-json\/wp\/v2\/media\/2684"}],"wp:attachment":[{"href":"https:\/\/igiornidellerose.it\/main\/wp-json\/wp\/v2\/media?parent=2683"}],"wp:term":[{"taxonomy":"category","embeddable":true,"href":"https:\/\/igiornidellerose.it\/main\/wp-json\/wp\/v2\/categories?post=2683"},{"taxonomy":"post_tag","embeddable":true,"href":"https:\/\/igiornidellerose.it\/main\/wp-json\/wp\/v2\/tags?post=2683"}],"curies":[{"name":"wp","href":"https:\/\/api.w.org\/{rel}","templated":true}]}}