{"id":2863,"date":"2019-05-06T15:16:27","date_gmt":"2019-05-06T13:16:27","guid":{"rendered":"http:\/\/igiornidellerose.it\/main\/?p=2863"},"modified":"2019-05-06T15:17:35","modified_gmt":"2019-05-06T13:17:35","slug":"chiara-e-francesco-due-anime-in-una-sola-rosa","status":"publish","type":"post","link":"https:\/\/igiornidellerose.it\/main\/chiara-e-francesco-due-anime-in-una-sola-rosa\/","title":{"rendered":"CHIARA E FRANCESCO, due anime in una sola rosa"},"content":{"rendered":"<p>Chiara e Francesco \u00e8 un nuovo ibrido di rosa rifiorente, novit\u00e0 del 2019 dal vivaio perugino La Rosa del Borghetto. Chiara e Francesco, dedicata ai due santi umbri, \u00e8 una rosa che vanta molte particolarit\u00e0. La sua combinazione di colori, del tutto inedita nel mondo delle rose, appassioner\u00e0 il collezionista di rose e chi vuole omaggiare lo spirito e la storia della regione in cui \u00e8 stata pensata questa rosa: l&#8217;Umbria. Il colore di Chiara e Francesco \u00e8 un&#8217;unione unica di un profondo rosso-arancio con eterei inserti crema e giallo. Il calore e la luce dei colori della rosa Chiara e Francesco sono esaltati da occasionali viraggi dei petali al viola, particolarmente apprezzabili nelle giornate di sole coperto. I fiori sono di forma turbinata perfetta, e mantengono la loro grazia sulla pianta per intere settimane. Il cespuglio \u00e8 forte e di grandi dimensioni: Chiara e Francesco pu\u00f2 anche essere allevata come piccolo rampicante, se propriamente impostata con la potatura. Chiara e Francesco \u00e8 anche una pianta molto sana, praticamente inattaccabile dall&#8217;oidio.<\/p>\n","protected":false},"excerpt":{"rendered":"<p>Chiara e Francesco \u00e8 un nuovo ibrido di rosa rifiorente, novit\u00e0 del 2019 dal vivaio perugino La Rosa del Borghetto. Chiara e Francesco, dedicata ai due santi umbri, \u00e8 una rosa che vanta molte particolarit\u00e0. La sua combinazione di colori, del tutto inedita nel mondo delle rose, appassioner\u00e0 il collezionista di rose e chi vuole [&hellip;]<\/p>\n","protected":false},"author":1,"featured_media":2864,"comment_status":"closed","ping_status":"closed","sticky":false,"template":"","format":"standard","meta":{"footnotes":""},"categories":[64],"tags":[],"_links":{"self":[{"href":"https:\/\/igiornidellerose.it\/main\/wp-json\/wp\/v2\/posts\/2863"}],"collection":[{"href":"https:\/\/igiornidellerose.it\/main\/wp-json\/wp\/v2\/posts"}],"about":[{"href":"https:\/\/igiornidellerose.it\/main\/wp-json\/wp\/v2\/types\/post"}],"author":[{"embeddable":true,"href":"https:\/\/igiornidellerose.it\/main\/wp-json\/wp\/v2\/users\/1"}],"replies":[{"embeddable":true,"href":"https:\/\/igiornidellerose.it\/main\/wp-json\/wp\/v2\/comments?post=2863"}],"version-history":[{"count":2,"href":"https:\/\/igiornidellerose.it\/main\/wp-json\/wp\/v2\/posts\/2863\/revisions"}],"predecessor-version":[{"id":2866,"href":"https:\/\/igiornidellerose.it\/main\/wp-json\/wp\/v2\/posts\/2863\/revisions\/2866"}],"wp:featuredmedia":[{"embeddable":true,"href":"https:\/\/igiornidellerose.it\/main\/wp-json\/wp\/v2\/media\/2864"}],"wp:attachment":[{"href":"https:\/\/igiornidellerose.it\/main\/wp-json\/wp\/v2\/media?parent=2863"}],"wp:term":[{"taxonomy":"category","embeddable":true,"href":"https:\/\/igiornidellerose.it\/main\/wp-json\/wp\/v2\/categories?post=2863"},{"taxonomy":"post_tag","embeddable":true,"href":"https:\/\/igiornidellerose.it\/main\/wp-json\/wp\/v2\/tags?post=2863"}],"curies":[{"name":"wp","href":"https:\/\/api.w.org\/{rel}","templated":true}]}}