{"id":2957,"date":"2019-05-24T17:06:20","date_gmt":"2019-05-24T15:06:20","guid":{"rendered":"http:\/\/igiornidellerose.it\/main\/?p=2957"},"modified":"2019-05-24T17:06:20","modified_gmt":"2019-05-24T15:06:20","slug":"a-villa-fidelia-la-rosa-indiana-protagonista-de-i-giorni-delle-rose","status":"publish","type":"post","link":"https:\/\/igiornidellerose.it\/main\/a-villa-fidelia-la-rosa-indiana-protagonista-de-i-giorni-delle-rose\/","title":{"rendered":"A Villa Fidelia la Rosa indiana protagonista de \u201cI Giorni delle Rose\u201d"},"content":{"rendered":"<p><strong>Il tema della settima edizione de \u201cI Giorni delle Rose\u201d a Villa Fidelia di Spello (31 maggio-1-2 giugno) sar\u00e0: \u201cLa Rosa Indiana\u201d.<\/strong><\/p>\n<p>Questo incredibile fiore, che rappresenta bellezza e raffinatezza, per tre giorni, sar\u00e0 il protagonista assoluto della mostra mercato che quest\u2019anno presenta 150 espositori, molto selezionati, proprio per proporre il meglio di questo settore.<\/p>\n<p>Ieri, nella sala Pagliacci della Provincia di Perugia, \u00e8 stato presentato il programma da Giuseppina Massi Benedetti, Presidente del Garden Club Perugia.<\/p>\n<p>\u201cIl padrino della manifestazione \u2013 afferma Benedetti \u2013 sar\u00e0 Carlo Pagani il maestro giardiniere pi\u00f9 famoso in Italia e presenteremo una rosa particolare la rosa \u201cChiara e Francesco\u201d di doppio colore ad indicare i due personaggi. Si tratta di una pianta rampicante con fogliame rosso che dona una particolarit\u00e0 unica al fiore stesso, questo \u00e8 un chiaro omaggio alla nostra Regione.<\/p>\n<p>Oltre alla gi\u00e0 citata Rosa indiana, un\u2019altra novit\u00e0 sar\u00e0 la rosa antica di Pompei proveniente da uno studio sulla genetica effettuato dell\u2019ateneo di Napoli, questa rosa era la pi\u00f9 coltivata nel periodo romano a Pompei. Nei viali del giardino di Villa Fidelia si terr\u00e0 il corso di Design Multispecie dell\u2019Ateneo Perugino e tante altre sorprese sono previste, ma non ve le svelo\u2026\u201d.<\/p>\n<p>Questo sono solo alcune delle novit\u00e0, perch\u00e9 durante il percorso per ammirare le meravigliose rose, ci si potr\u00e0 imbattere in canti, recitazioni di poesie e sfilate di moda dedicate al \u2018fiore supremo\u2019.<\/p>\n<p>L\u2019ingresso \u00e8 libero.<\/p>\n<p>Donatella Binaglia &#8211; umbriaecultura.it &#8211; 21 maggio 2019<\/p>\n","protected":false},"excerpt":{"rendered":"<p>Il tema della settima edizione de \u201cI Giorni delle Rose\u201d a Villa Fidelia di Spello (31 maggio-1-2 giugno) sar\u00e0: \u201cLa Rosa Indiana\u201d. Questo incredibile fiore, che rappresenta bellezza e raffinatezza, per tre giorni, sar\u00e0 il protagonista assoluto della mostra mercato che quest\u2019anno presenta 150 espositori, molto selezionati, proprio per proporre il meglio di questo settore. [&hellip;]<\/p>\n","protected":false},"author":1,"featured_media":2958,"comment_status":"closed","ping_status":"closed","sticky":false,"template":"","format":"standard","meta":{"footnotes":""},"categories":[81],"tags":[],"_links":{"self":[{"href":"https:\/\/igiornidellerose.it\/main\/wp-json\/wp\/v2\/posts\/2957"}],"collection":[{"href":"https:\/\/igiornidellerose.it\/main\/wp-json\/wp\/v2\/posts"}],"about":[{"href":"https:\/\/igiornidellerose.it\/main\/wp-json\/wp\/v2\/types\/post"}],"author":[{"embeddable":true,"href":"https:\/\/igiornidellerose.it\/main\/wp-json\/wp\/v2\/users\/1"}],"replies":[{"embeddable":true,"href":"https:\/\/igiornidellerose.it\/main\/wp-json\/wp\/v2\/comments?post=2957"}],"version-history":[{"count":1,"href":"https:\/\/igiornidellerose.it\/main\/wp-json\/wp\/v2\/posts\/2957\/revisions"}],"predecessor-version":[{"id":2959,"href":"https:\/\/igiornidellerose.it\/main\/wp-json\/wp\/v2\/posts\/2957\/revisions\/2959"}],"wp:featuredmedia":[{"embeddable":true,"href":"https:\/\/igiornidellerose.it\/main\/wp-json\/wp\/v2\/media\/2958"}],"wp:attachment":[{"href":"https:\/\/igiornidellerose.it\/main\/wp-json\/wp\/v2\/media?parent=2957"}],"wp:term":[{"taxonomy":"category","embeddable":true,"href":"https:\/\/igiornidellerose.it\/main\/wp-json\/wp\/v2\/categories?post=2957"},{"taxonomy":"post_tag","embeddable":true,"href":"https:\/\/igiornidellerose.it\/main\/wp-json\/wp\/v2\/tags?post=2957"}],"curies":[{"name":"wp","href":"https:\/\/api.w.org\/{rel}","templated":true}]}}