{"id":2961,"date":"2019-05-27T13:19:59","date_gmt":"2019-05-27T11:19:59","guid":{"rendered":"http:\/\/igiornidellerose.it\/main\/?p=2961"},"modified":"2019-05-27T13:19:59","modified_gmt":"2019-05-27T11:19:59","slug":"villa-fidelia-e-i-giorni-delle-rose-inseriti-dallapgi-nelliniziativa-nazionale-appuntamento-in-giardino","status":"publish","type":"post","link":"https:\/\/igiornidellerose.it\/main\/villa-fidelia-e-i-giorni-delle-rose-inseriti-dallapgi-nelliniziativa-nazionale-appuntamento-in-giardino\/","title":{"rendered":"Villa Fidelia e &#8220;I Giorni delle Rose&#8221; inseriti dall&#8217;APGI nell&#8217;iniziativa nazionale &#8220;Appuntamento in Giardino&#8221;"},"content":{"rendered":"<p>Quest&#8217;anno Villa Fidelia con &#8220;I Giorni delle Rose&#8221; sono stati inseriti in APGI, Associazione Parchi e Giardini d&#8217;Italia, e parteciperanno all&#8217;iniziativa nazionale &#8220;Appuntamento in Giardino&#8221;.<br \/>\nLa manifestazione, patrocinata dall&#8217;APGI per promuovere e far condividere la valorizzazione del patrimonio culturale in Europa, ha l&#8217;obiettivo di invitare il pubblico a scoprire la sorprendente ricchezza storica, artistica e botanica dei giardini italiani.<br \/>\nDa sempre il giardino racconta storie. Storie di potere e di bellezza, di perfezione estetica e curiosit\u00e0 botanica, di rigore progettuale e libert\u00e0 d&#8217;immaginazione. Storie di passione e di pazienza, di solitudine e convivialit\u00e0, di ricerca di senso e ritrovamento di s\u00e9. Il giardino \u00e8 un sogno fragile e mutevole, scritto con i fiori, le acque, le piante.<\/p>\n<p>APGI, Associazione Parchi e Giardini d&#8217;Italia, ha lanciato un contest fotografico (#appuntamentoingiardino) in occasione dell&#8217;evento &#8220;<strong>Appuntamento in Giardino 2019<\/strong>&#8221; che coinvolger\u00e0 Villa Fidelia ed &#8220;I Giorni delle Rose&#8221; nelle giornate di <strong>sabato 1 e domenica 2 giugno 2019<\/strong>.<br \/>\nIl contest ha l&#8217;obiettivo di costruire un racconto per immagini delle giornate in cui saranno protagoniste bellezza e natura.<\/p>\n<p><strong>Il concorso \u00e8 aperto a tutti!<\/strong><\/p>\n<p>Opere ammesse e modalit\u00e0 di partecipazione:<\/p>\n<p>Le fotografie dovranno fare riferimento alle sei categorie sotto indicate. Per partecipare \u00e8 sufficiente caricare su Instagram, entro il 5 giugno 2019, un&#8217;immagine con l&#8217;hashtag ufficiale #appuntamentoingiardino, accompagnato dall&#8217;hashtag della categoria prescelta, taggando il profilo dell&#8217;Associazione Parchi e Giardini d&#8217;Italia (@apgi_italia). \u00bb possibile partecipare con una o pi\u00f9 fotografie, in una o pi\u00f9 delle seguenti categorie:<\/p>\n<p><strong>1. L&#8217;ANIMA DEL GIARDINO<\/strong> Ogni giardino ha un&#8217;anima, un carattere che lo rende unico e speciale. Un invito a catturare, attraverso uno scorcio o un dettaglio, l&#8217;atmosfera e le emozioni che un giardino pu\u00f2 suscitare. #animadelgiardino<\/p>\n<p><strong>2. ARTE IN GIARDINO<\/strong> Da sempre il giardino \u00e8 un grande palcoscenico capace di dare respiro alle opere che vi sono conservate. Che siano sculture classiche o sperimentazioni contemporanee, le opere ricevono dal giardino e dalla sua luce vibrante un&#8217;aura irripetibile. #arteingiardino<\/p>\n<p><strong>3. LA FRAGILE BELLEZZA DEI FIORI<\/strong> Lievi e delicati oppure opulenti e inebrianti, i fiori sono da sempre protagonisti del giardino. Nella successione delle stagioni dispiegano un&#8217;infinita variet\u00e0 di colori e profumi. #fioriunici<\/p>\n<p><strong>4. IL GIARDINO NEL PAESAGGIO<\/strong> Che sia affacciato sul mare o su un lago, o che si estenda su un declivio immerso tra i vigneti, il giardino vive in molti casi in stretto rapporto col paesaggio circostante, che ne costituisce spesso una &#8216;naturale&#8217; prosecuzione. #giardinonelpaesaggio<\/p>\n<p><strong>5. ALBERI IN GIARDINO<\/strong> Celebriamo gli alberi nelle loro molteplici forme! Dalle querce monumentali alle delicate piante da frutto gli alberi sono essenziali per la nostra vita e per quella del pianeta. Offrono ristoro e nutrimento e, con la loro solidit\u00e0, donano a chi sa ascoltarli forza, equilibrio e benessere. #alberiingiardino<\/p>\n<p><strong>6. VIVERE IL GIARDINO<\/strong> Una visita guidata, un concerto, una degustazione&#8230; Sono tanti i modi per godere della delizia del giardino o per farne occasione di scoperta e crescita culturale. Immortaliamo i momenti pi\u00f9 belli di Appuntamento in Giardino. #vivereilgiardino<\/p>\n<p>Al termine del contest, APGI valuter\u00e0 tutti gli scatti dei partecipanti scegliendo, a suo insindacabile giudizio, le foto pi\u00f9 rappresentative.<br \/>\nUna selezione di scatti entrer\u00e0 a far parte di un instant book digitale che sar\u00e0 realizzato da APGI e sar\u00e0 disponibile per il download sul sito www.apgi.it.<br \/>\nAPGI sceglier\u00e0, infine, le sei foto vincitrici del contest. I sei vincitori, uno per ciascuna categoria, saranno annunciati entro la fine di giugno p.v. e saranno contattati con un messaggio privato su Instagram. I sei vincitori riceveranno in premio una copia della guida L&#8217;Italia dei Giardini. Viaggio attraverso la Bellezza tra Natura e Artificio, realizzata da APGI in collaborazione con il Touring Club Italiano.<\/p>\n","protected":false},"excerpt":{"rendered":"<p>Quest&#8217;anno Villa Fidelia con &#8220;I Giorni delle Rose&#8221; sono stati inseriti in APGI, Associazione Parchi e Giardini d&#8217;Italia, e parteciperanno all&#8217;iniziativa nazionale &#8220;Appuntamento in Giardino&#8221;. La manifestazione, patrocinata dall&#8217;APGI per promuovere e far condividere la valorizzazione del patrimonio culturale in Europa, ha l&#8217;obiettivo di invitare il pubblico a scoprire la sorprendente ricchezza storica, artistica e [&hellip;]<\/p>\n","protected":false},"author":1,"featured_media":2960,"comment_status":"closed","ping_status":"closed","sticky":false,"template":"","format":"standard","meta":{"footnotes":""},"categories":[59],"tags":[],"_links":{"self":[{"href":"https:\/\/igiornidellerose.it\/main\/wp-json\/wp\/v2\/posts\/2961"}],"collection":[{"href":"https:\/\/igiornidellerose.it\/main\/wp-json\/wp\/v2\/posts"}],"about":[{"href":"https:\/\/igiornidellerose.it\/main\/wp-json\/wp\/v2\/types\/post"}],"author":[{"embeddable":true,"href":"https:\/\/igiornidellerose.it\/main\/wp-json\/wp\/v2\/users\/1"}],"replies":[{"embeddable":true,"href":"https:\/\/igiornidellerose.it\/main\/wp-json\/wp\/v2\/comments?post=2961"}],"version-history":[{"count":1,"href":"https:\/\/igiornidellerose.it\/main\/wp-json\/wp\/v2\/posts\/2961\/revisions"}],"predecessor-version":[{"id":2962,"href":"https:\/\/igiornidellerose.it\/main\/wp-json\/wp\/v2\/posts\/2961\/revisions\/2962"}],"wp:featuredmedia":[{"embeddable":true,"href":"https:\/\/igiornidellerose.it\/main\/wp-json\/wp\/v2\/media\/2960"}],"wp:attachment":[{"href":"https:\/\/igiornidellerose.it\/main\/wp-json\/wp\/v2\/media?parent=2961"}],"wp:term":[{"taxonomy":"category","embeddable":true,"href":"https:\/\/igiornidellerose.it\/main\/wp-json\/wp\/v2\/categories?post=2961"},{"taxonomy":"post_tag","embeddable":true,"href":"https:\/\/igiornidellerose.it\/main\/wp-json\/wp\/v2\/tags?post=2961"}],"curies":[{"name":"wp","href":"https:\/\/api.w.org\/{rel}","templated":true}]}}