{"id":3062,"date":"2023-03-14T12:39:16","date_gmt":"2023-03-14T11:39:16","guid":{"rendered":"https:\/\/igiornidellerose.it\/main\/?p=3062"},"modified":"2023-03-14T13:12:43","modified_gmt":"2023-03-14T12:12:43","slug":"dolcegabbana-una-rosa-come-musa","status":"publish","type":"post","link":"https:\/\/igiornidellerose.it\/main\/dolcegabbana-una-rosa-come-musa\/","title":{"rendered":"Dolce&#038;Gabbana: una rosa come Musa"},"content":{"rendered":"<blockquote><p>Ma chi non osa afferrare la spina, non dovrebbe mai desiderare la rosa <em>(Anne Bront\u00eb)<\/em><\/p><\/blockquote>\n<p>Focosi e creativi quanto la loro terra di origine &#8211; la Sicilia &#8211; il duo stilistico formato da Domenico Dolce e Stefano Gabbana non poteva che amare le rose. Quelle rose rosse che si regalano ad un amante, tanto per intenderci.<br \/>\nMi ricordo la prima volta che vidi alcuni loro capi esposti a Londra nei primi anni \u201990: tutti in nero e bianco, pizzi e merletti da vedova siciliana, anche se onestamente troppo giovane per essere vedova. E tra corsetti allacciati e abiti scollati, vidi una giacca nera attillatissima interamente ricamata con un motivo (ovviamente) di rose rosse! Un ricamo a mano dal gusto pi\u00f9 che squisito fatto di rose che si alzano dalla stoffa in modo superbamente elegante.<br \/>\nDa allora, ho sempre notato che <strong>la Rosa \u00e8 perennemente presente nelle loro creazioni<\/strong> come una vera e propria fissazione. Rare sono le collezioni senza una rosa ricamata, stampata o applicata da qualche parte dell\u2019abito. Insomma, per i due, una sorta di vero segreto portafortuna!<br \/>\nAgli inizi sono soprattutto grandi rose rosse, regalate con profusione su stoffe che potevano essere il nuovo \u201cspandex\u201d &#8211; un tessuto elastico che era diventato di moda negli ultimi anni \u201980 &#8211; che aderiva perfettamente al corpo creando un effetto quasi da rose rampicanti. Altre volte troviamo le rose a forma di bouquet su un miniabito. Mini, appunto.<br \/>\nNon si pu\u00f2 quindi negare come il duo amasse, e a tutt\u2019oggi ami, un decoro, diciamo cos\u00ec, esagerato. Corolle generose, di un rosso intenso, si trovavano anche su foulard, borse e collane &#8211; dappertutto un po\u2019. Di preferenza questi motivi vengono realizzati su fondo nero, per risaltare la sensualit\u00e0 del rosso e per non dimenticare la simbologia passionale di questo colore che le rose ben impersonificano.<\/p>\n\n\t\t<style type=\"text\/css\">\n\t\t\t#gallery-1 {\n\t\t\t\tmargin: auto;\n\t\t\t}\n\t\t\t#gallery-1 .gallery-item {\n\t\t\t\tfloat: left;\n\t\t\t\tmargin-top: 10px;\n\t\t\t\ttext-align: center;\n\t\t\t\twidth: 33%;\n\t\t\t}\n\t\t\t#gallery-1 img {\n\t\t\t\tborder: 2px solid #cfcfcf;\n\t\t\t}\n\t\t\t#gallery-1 .gallery-caption {\n\t\t\t\tmargin-left: 0;\n\t\t\t}\n\t\t\t\/* see gallery_shortcode() in wp-includes\/media.php *\/\n\t\t<\/style>\n\t\t<div id='gallery-1' class='gallery galleryid-3062 gallery-columns-3 gallery-size-medium'><dl class='gallery-item'>\n\t\t\t<dt class='gallery-icon portrait'>\n\t\t\t\t<img loading=\"lazy\" decoding=\"async\" width=\"267\" height=\"400\" src=\"https:\/\/igiornidellerose.it\/main\/wp-content\/uploads\/2023\/03\/DG1-dagli-anni-90-267x400.jpg\" class=\"attachment-medium size-medium\" alt=\"\" srcset=\"https:\/\/igiornidellerose.it\/main\/wp-content\/uploads\/2023\/03\/DG1-dagli-anni-90-267x400.jpg 267w, https:\/\/igiornidellerose.it\/main\/wp-content\/uploads\/2023\/03\/DG1-dagli-anni-90-683x1024.jpg 683w, https:\/\/igiornidellerose.it\/main\/wp-content\/uploads\/2023\/03\/DG1-dagli-anni-90-768x1152.jpg 768w, https:\/\/igiornidellerose.it\/main\/wp-content\/uploads\/2023\/03\/DG1-dagli-anni-90.jpg 800w\" sizes=\"(max-width: 267px) 100vw, 267px\" \/>\n\t\t\t<\/dt><\/dl>\n\t\t\t<br style='clear: both' \/>\n\t\t<\/div>\n\n<p>Questo tema di rose rosse su fondo nero &#8211; su abiti aderenti oppure fluidi, corti o lunghi, con o senza pizzo o trasparenze &#8211; ha resistito in varie fogge dagli inizi fino ai giorni nostri nelle collezioni Dolce&amp;Gabbana.<\/p>\n\n\t\t<style type=\"text\/css\">\n\t\t\t#gallery-2 {\n\t\t\t\tmargin: auto;\n\t\t\t}\n\t\t\t#gallery-2 .gallery-item {\n\t\t\t\tfloat: left;\n\t\t\t\tmargin-top: 10px;\n\t\t\t\ttext-align: center;\n\t\t\t\twidth: 33%;\n\t\t\t}\n\t\t\t#gallery-2 img {\n\t\t\t\tborder: 2px solid #cfcfcf;\n\t\t\t}\n\t\t\t#gallery-2 .gallery-caption {\n\t\t\t\tmargin-left: 0;\n\t\t\t}\n\t\t\t\/* see gallery_shortcode() in wp-includes\/media.php *\/\n\t\t<\/style>\n\t\t<div id='gallery-2' class='gallery galleryid-3062 gallery-columns-3 gallery-size-medium'><dl class='gallery-item'>\n\t\t\t<dt class='gallery-icon portrait'>\n\t\t\t\t<img loading=\"lazy\" decoding=\"async\" width=\"267\" height=\"400\" src=\"https:\/\/igiornidellerose.it\/main\/wp-content\/uploads\/2023\/03\/DG2-dal-2016-267x400.jpg\" class=\"attachment-medium size-medium\" alt=\"\" srcset=\"https:\/\/igiornidellerose.it\/main\/wp-content\/uploads\/2023\/03\/DG2-dal-2016-267x400.jpg 267w, https:\/\/igiornidellerose.it\/main\/wp-content\/uploads\/2023\/03\/DG2-dal-2016-683x1024.jpg 683w, https:\/\/igiornidellerose.it\/main\/wp-content\/uploads\/2023\/03\/DG2-dal-2016-768x1152.jpg 768w, https:\/\/igiornidellerose.it\/main\/wp-content\/uploads\/2023\/03\/DG2-dal-2016.jpg 800w\" sizes=\"(max-width: 267px) 100vw, 267px\" \/>\n\t\t\t<\/dt><\/dl><dl class='gallery-item'>\n\t\t\t<dt class='gallery-icon landscape'>\n\t\t\t\t<img loading=\"lazy\" decoding=\"async\" width=\"400\" height=\"267\" src=\"https:\/\/igiornidellerose.it\/main\/wp-content\/uploads\/2023\/03\/DG4-dal-2018-400x267.jpg\" class=\"attachment-medium size-medium\" alt=\"\" srcset=\"https:\/\/igiornidellerose.it\/main\/wp-content\/uploads\/2023\/03\/DG4-dal-2018-400x267.jpg 400w, https:\/\/igiornidellerose.it\/main\/wp-content\/uploads\/2023\/03\/DG4-dal-2018-1024x683.jpg 1024w, https:\/\/igiornidellerose.it\/main\/wp-content\/uploads\/2023\/03\/DG4-dal-2018-768x512.jpg 768w, https:\/\/igiornidellerose.it\/main\/wp-content\/uploads\/2023\/03\/DG4-dal-2018-450x300.jpg 450w, https:\/\/igiornidellerose.it\/main\/wp-content\/uploads\/2023\/03\/DG4-dal-2018.jpg 1200w\" sizes=\"(max-width: 400px) 100vw, 400px\" \/>\n\t\t\t<\/dt><\/dl><dl class='gallery-item'>\n\t\t\t<dt class='gallery-icon portrait'>\n\t\t\t\t<img loading=\"lazy\" decoding=\"async\" width=\"267\" height=\"400\" src=\"https:\/\/igiornidellerose.it\/main\/wp-content\/uploads\/2023\/03\/DG3-dal-2016-267x400.jpg\" class=\"attachment-medium size-medium\" alt=\"\" srcset=\"https:\/\/igiornidellerose.it\/main\/wp-content\/uploads\/2023\/03\/DG3-dal-2016-267x400.jpg 267w, https:\/\/igiornidellerose.it\/main\/wp-content\/uploads\/2023\/03\/DG3-dal-2016-683x1024.jpg 683w, https:\/\/igiornidellerose.it\/main\/wp-content\/uploads\/2023\/03\/DG3-dal-2016-768x1152.jpg 768w, https:\/\/igiornidellerose.it\/main\/wp-content\/uploads\/2023\/03\/DG3-dal-2016.jpg 800w\" sizes=\"(max-width: 267px) 100vw, 267px\" \/>\n\t\t\t<\/dt><\/dl><br style=\"clear: both\" \/>\n\t\t<\/div>\n\n<p>&nbsp;<\/p>\n<p>Quando nel 2016 il marchio Dolce e Gabbana festeggi\u00f2 a Napoli i suoi trent\u2019anni di attivit\u00e0, gli stilisti scelsero come madrina della grande sfilata\/evento una donna che rappresentasse il loro massimo ideale di donna, l\u2019italianissima <strong>Sophia Loren<\/strong>, che vediamo qui sotto in un vestito proprio di rose purpuree su fondo nero lucente!<\/p>\n\n\t\t<style type=\"text\/css\">\n\t\t\t#gallery-3 {\n\t\t\t\tmargin: auto;\n\t\t\t}\n\t\t\t#gallery-3 .gallery-item {\n\t\t\t\tfloat: left;\n\t\t\t\tmargin-top: 10px;\n\t\t\t\ttext-align: center;\n\t\t\t\twidth: 33%;\n\t\t\t}\n\t\t\t#gallery-3 img {\n\t\t\t\tborder: 2px solid #cfcfcf;\n\t\t\t}\n\t\t\t#gallery-3 .gallery-caption {\n\t\t\t\tmargin-left: 0;\n\t\t\t}\n\t\t\t\/* see gallery_shortcode() in wp-includes\/media.php *\/\n\t\t<\/style>\n\t\t<div id='gallery-3' class='gallery galleryid-3062 gallery-columns-3 gallery-size-medium'><dl class='gallery-item'>\n\t\t\t<dt class='gallery-icon portrait'>\n\t\t\t\t<img loading=\"lazy\" decoding=\"async\" width=\"267\" height=\"400\" src=\"https:\/\/igiornidellerose.it\/main\/wp-content\/uploads\/2023\/03\/DG5-sofia-loren-madrina-2016-267x400.jpg\" class=\"attachment-medium size-medium\" alt=\"\" srcset=\"https:\/\/igiornidellerose.it\/main\/wp-content\/uploads\/2023\/03\/DG5-sofia-loren-madrina-2016-267x400.jpg 267w, https:\/\/igiornidellerose.it\/main\/wp-content\/uploads\/2023\/03\/DG5-sofia-loren-madrina-2016-683x1024.jpg 683w, https:\/\/igiornidellerose.it\/main\/wp-content\/uploads\/2023\/03\/DG5-sofia-loren-madrina-2016-768x1152.jpg 768w, https:\/\/igiornidellerose.it\/main\/wp-content\/uploads\/2023\/03\/DG5-sofia-loren-madrina-2016.jpg 800w\" sizes=\"(max-width: 267px) 100vw, 267px\" \/>\n\t\t\t<\/dt><\/dl>\n\t\t\t<br style='clear: both' \/>\n\t\t<\/div>\n\n<blockquote><p>\u00c8 la nostra donna da sempre. Dagli inizi. \u00c8 a lei che pensiamo quando disegniamo le nostre collezioni. Era giusto che fosse la protagonista unica di una nostra sfilata <em>(Domenico Dolce e Stefano Gabbana)<\/em><\/p><\/blockquote>\n<p>Ma la moda personifica cambiamento e l\u2019evoluzione del loro tema di rose &#8211; almeno coloristicamente parlando &#8211; \u00e8 stata rielaborata ispirandosi ad un altro tipo di rosa, simbolo della femminilit\u00e0: una rosa ROSA, un po\u2019 pi\u00f9 romantica, sfuggente e delicata. Cos\u00ec gli sfondi neri e intensi delle rose rosse fiammanti fanno largo a poco a poco a campiture di colori pi\u00f9 sofisticate e chiare, soprattutto per la collezione <em>Dolce&amp;Gabbana Couture<\/em>, dove le rose ROSA abbelliscono le stoffe effimere di abiti lunghi e elegantissimi:<\/p>\n\n\t\t<style type=\"text\/css\">\n\t\t\t#gallery-4 {\n\t\t\t\tmargin: auto;\n\t\t\t}\n\t\t\t#gallery-4 .gallery-item {\n\t\t\t\tfloat: left;\n\t\t\t\tmargin-top: 10px;\n\t\t\t\ttext-align: center;\n\t\t\t\twidth: 33%;\n\t\t\t}\n\t\t\t#gallery-4 img {\n\t\t\t\tborder: 2px solid #cfcfcf;\n\t\t\t}\n\t\t\t#gallery-4 .gallery-caption {\n\t\t\t\tmargin-left: 0;\n\t\t\t}\n\t\t\t\/* see gallery_shortcode() in wp-includes\/media.php *\/\n\t\t<\/style>\n\t\t<div id='gallery-4' class='gallery galleryid-3062 gallery-columns-3 gallery-size-medium'><dl class='gallery-item'>\n\t\t\t<dt class='gallery-icon portrait'>\n\t\t\t\t<img loading=\"lazy\" decoding=\"async\" width=\"267\" height=\"400\" src=\"https:\/\/igiornidellerose.it\/main\/wp-content\/uploads\/2023\/03\/DG7-couture-267x400.jpg\" class=\"attachment-medium size-medium\" alt=\"\" srcset=\"https:\/\/igiornidellerose.it\/main\/wp-content\/uploads\/2023\/03\/DG7-couture-267x400.jpg 267w, https:\/\/igiornidellerose.it\/main\/wp-content\/uploads\/2023\/03\/DG7-couture-683x1024.jpg 683w, https:\/\/igiornidellerose.it\/main\/wp-content\/uploads\/2023\/03\/DG7-couture-768x1152.jpg 768w, https:\/\/igiornidellerose.it\/main\/wp-content\/uploads\/2023\/03\/DG7-couture.jpg 800w\" sizes=\"(max-width: 267px) 100vw, 267px\" \/>\n\t\t\t<\/dt><\/dl><dl class='gallery-item'>\n\t\t\t<dt class='gallery-icon landscape'>\n\t\t\t\t<img loading=\"lazy\" decoding=\"async\" width=\"400\" height=\"267\" src=\"https:\/\/igiornidellerose.it\/main\/wp-content\/uploads\/2023\/03\/DG6-2018-400x267.jpg\" class=\"attachment-medium size-medium\" alt=\"\" srcset=\"https:\/\/igiornidellerose.it\/main\/wp-content\/uploads\/2023\/03\/DG6-2018-400x267.jpg 400w, https:\/\/igiornidellerose.it\/main\/wp-content\/uploads\/2023\/03\/DG6-2018-1024x683.jpg 1024w, https:\/\/igiornidellerose.it\/main\/wp-content\/uploads\/2023\/03\/DG6-2018-768x512.jpg 768w, https:\/\/igiornidellerose.it\/main\/wp-content\/uploads\/2023\/03\/DG6-2018-450x300.jpg 450w, https:\/\/igiornidellerose.it\/main\/wp-content\/uploads\/2023\/03\/DG6-2018.jpg 1200w\" sizes=\"(max-width: 400px) 100vw, 400px\" \/>\n\t\t\t<\/dt><\/dl><dl class='gallery-item'>\n\t\t\t<dt class='gallery-icon portrait'>\n\t\t\t\t<img loading=\"lazy\" decoding=\"async\" width=\"267\" height=\"400\" src=\"https:\/\/igiornidellerose.it\/main\/wp-content\/uploads\/2023\/03\/DG8-couture-2018-lago-di-como-267x400.jpg\" class=\"attachment-medium size-medium\" alt=\"\" srcset=\"https:\/\/igiornidellerose.it\/main\/wp-content\/uploads\/2023\/03\/DG8-couture-2018-lago-di-como-267x400.jpg 267w, https:\/\/igiornidellerose.it\/main\/wp-content\/uploads\/2023\/03\/DG8-couture-2018-lago-di-como-683x1024.jpg 683w, https:\/\/igiornidellerose.it\/main\/wp-content\/uploads\/2023\/03\/DG8-couture-2018-lago-di-como-768x1152.jpg 768w, https:\/\/igiornidellerose.it\/main\/wp-content\/uploads\/2023\/03\/DG8-couture-2018-lago-di-como.jpg 800w\" sizes=\"(max-width: 267px) 100vw, 267px\" \/>\n\t\t\t<\/dt><\/dl><br style=\"clear: both\" \/>\n\t\t<\/div>\n\n<p>Non sono assenti da questo nuova ispirazione neanche le collezioni per donne pi\u00f9 giovani e sportive:<\/p>\n\n\t\t<style type=\"text\/css\">\n\t\t\t#gallery-5 {\n\t\t\t\tmargin: auto;\n\t\t\t}\n\t\t\t#gallery-5 .gallery-item {\n\t\t\t\tfloat: left;\n\t\t\t\tmargin-top: 10px;\n\t\t\t\ttext-align: center;\n\t\t\t\twidth: 33%;\n\t\t\t}\n\t\t\t#gallery-5 img {\n\t\t\t\tborder: 2px solid #cfcfcf;\n\t\t\t}\n\t\t\t#gallery-5 .gallery-caption {\n\t\t\t\tmargin-left: 0;\n\t\t\t}\n\t\t\t\/* see gallery_shortcode() in wp-includes\/media.php *\/\n\t\t<\/style>\n\t\t<div id='gallery-5' class='gallery galleryid-3062 gallery-columns-3 gallery-size-medium'><dl class='gallery-item'>\n\t\t\t<dt class='gallery-icon landscape'>\n\t\t\t\t<img loading=\"lazy\" decoding=\"async\" width=\"400\" height=\"267\" src=\"https:\/\/igiornidellerose.it\/main\/wp-content\/uploads\/2023\/03\/DG9-400x267.jpg\" class=\"attachment-medium size-medium\" alt=\"\" srcset=\"https:\/\/igiornidellerose.it\/main\/wp-content\/uploads\/2023\/03\/DG9-400x267.jpg 400w, https:\/\/igiornidellerose.it\/main\/wp-content\/uploads\/2023\/03\/DG9-1024x683.jpg 1024w, https:\/\/igiornidellerose.it\/main\/wp-content\/uploads\/2023\/03\/DG9-768x512.jpg 768w, https:\/\/igiornidellerose.it\/main\/wp-content\/uploads\/2023\/03\/DG9-450x300.jpg 450w, https:\/\/igiornidellerose.it\/main\/wp-content\/uploads\/2023\/03\/DG9.jpg 1200w\" sizes=\"(max-width: 400px) 100vw, 400px\" \/>\n\t\t\t<\/dt><\/dl><dl class='gallery-item'>\n\t\t\t<dt class='gallery-icon portrait'>\n\t\t\t\t<img loading=\"lazy\" decoding=\"async\" width=\"267\" height=\"400\" src=\"https:\/\/igiornidellerose.it\/main\/wp-content\/uploads\/2023\/03\/DG11-267x400.jpg\" class=\"attachment-medium size-medium\" alt=\"\" srcset=\"https:\/\/igiornidellerose.it\/main\/wp-content\/uploads\/2023\/03\/DG11-267x400.jpg 267w, https:\/\/igiornidellerose.it\/main\/wp-content\/uploads\/2023\/03\/DG11-683x1024.jpg 683w, https:\/\/igiornidellerose.it\/main\/wp-content\/uploads\/2023\/03\/DG11-768x1152.jpg 768w, https:\/\/igiornidellerose.it\/main\/wp-content\/uploads\/2023\/03\/DG11.jpg 800w\" sizes=\"(max-width: 267px) 100vw, 267px\" \/>\n\t\t\t<\/dt><\/dl><dl class='gallery-item'>\n\t\t\t<dt class='gallery-icon landscape'>\n\t\t\t\t<img loading=\"lazy\" decoding=\"async\" width=\"400\" height=\"267\" src=\"https:\/\/igiornidellerose.it\/main\/wp-content\/uploads\/2023\/03\/DG10-400x267.jpg\" class=\"attachment-medium size-medium\" alt=\"\" srcset=\"https:\/\/igiornidellerose.it\/main\/wp-content\/uploads\/2023\/03\/DG10-400x267.jpg 400w, https:\/\/igiornidellerose.it\/main\/wp-content\/uploads\/2023\/03\/DG10-1024x683.jpg 1024w, https:\/\/igiornidellerose.it\/main\/wp-content\/uploads\/2023\/03\/DG10-768x512.jpg 768w, https:\/\/igiornidellerose.it\/main\/wp-content\/uploads\/2023\/03\/DG10-450x300.jpg 450w, https:\/\/igiornidellerose.it\/main\/wp-content\/uploads\/2023\/03\/DG10.jpg 1200w\" sizes=\"(max-width: 400px) 100vw, 400px\" \/>\n\t\t\t<\/dt><\/dl><br style=\"clear: both\" \/>\n\t\t<\/div>\n\n<p>Le rose sono rimaste sempre nelle collezioni di Dolce&amp;Gabbana. Attraverso le colorazioni di questo fiore l\u2019icona del loro genio ha saputo interpretare le sfaccettature pi\u00f9 varie delle stesse donne. Focose e passionali, s\u00ec, ma anche delicate e romantiche.<\/p>\n<p>Nel 2017, i nostri due hanno presentato la loro collezione di alta moda nei Laboratori del Teatro alla Scala, per fare cos\u00ec onore alla tradizione sartoriale italiana. E credo che questa foto, scattata proprio l\u00ec, possa degnamente figurare da significativa sintesi del meraviglioso e variegato viaggio che Domenico Dolce e Stefano Gabbana hanno intrapreso con questa Musa &#8211; senza tradirla mai &#8211; e che, in definitiva, ha permeato un po\u2019 tutto il loro stile.<\/p>\n\n\t\t<style type=\"text\/css\">\n\t\t\t#gallery-6 {\n\t\t\t\tmargin: auto;\n\t\t\t}\n\t\t\t#gallery-6 .gallery-item {\n\t\t\t\tfloat: left;\n\t\t\t\tmargin-top: 10px;\n\t\t\t\ttext-align: center;\n\t\t\t\twidth: 33%;\n\t\t\t}\n\t\t\t#gallery-6 img {\n\t\t\t\tborder: 2px solid #cfcfcf;\n\t\t\t}\n\t\t\t#gallery-6 .gallery-caption {\n\t\t\t\tmargin-left: 0;\n\t\t\t}\n\t\t\t\/* see gallery_shortcode() in wp-includes\/media.php *\/\n\t\t<\/style>\n\t\t<div id='gallery-6' class='gallery galleryid-3062 gallery-columns-3 gallery-size-medium'><dl class='gallery-item'>\n\t\t\t<dt class='gallery-icon portrait'>\n\t\t\t\t<img loading=\"lazy\" decoding=\"async\" width=\"267\" height=\"400\" src=\"https:\/\/igiornidellerose.it\/main\/wp-content\/uploads\/2023\/03\/DG12-alta-moda-2017-Laboratori-della-Scala-267x400.jpg\" class=\"attachment-medium size-medium\" alt=\"\" srcset=\"https:\/\/igiornidellerose.it\/main\/wp-content\/uploads\/2023\/03\/DG12-alta-moda-2017-Laboratori-della-Scala-267x400.jpg 267w, https:\/\/igiornidellerose.it\/main\/wp-content\/uploads\/2023\/03\/DG12-alta-moda-2017-Laboratori-della-Scala-683x1024.jpg 683w, https:\/\/igiornidellerose.it\/main\/wp-content\/uploads\/2023\/03\/DG12-alta-moda-2017-Laboratori-della-Scala-768x1152.jpg 768w, https:\/\/igiornidellerose.it\/main\/wp-content\/uploads\/2023\/03\/DG12-alta-moda-2017-Laboratori-della-Scala.jpg 800w\" sizes=\"(max-width: 267px) 100vw, 267px\" \/>\n\t\t\t<\/dt><\/dl>\n\t\t\t<br style='clear: both' \/>\n\t\t<\/div>\n\n<p><em>Marzo 2023<\/em><\/p>\n","protected":false},"excerpt":{"rendered":"<p>Ma chi non osa afferrare la spina, non dovrebbe mai desiderare la rosa (Anne Bront\u00eb) Focosi e creativi quanto la loro terra di origine &#8211; la Sicilia &#8211; il duo stilistico formato da Domenico Dolce e Stefano Gabbana non poteva che amare le rose. Quelle rose rosse che si regalano ad un amante, tanto per [&hellip;]<\/p>\n","protected":false},"author":1,"featured_media":3068,"comment_status":"closed","ping_status":"closed","sticky":false,"template":"","format":"standard","meta":{"footnotes":""},"categories":[48],"tags":[99,98,96,60,97],"_links":{"self":[{"href":"https:\/\/igiornidellerose.it\/main\/wp-json\/wp\/v2\/posts\/3062"}],"collection":[{"href":"https:\/\/igiornidellerose.it\/main\/wp-json\/wp\/v2\/posts"}],"about":[{"href":"https:\/\/igiornidellerose.it\/main\/wp-json\/wp\/v2\/types\/post"}],"author":[{"embeddable":true,"href":"https:\/\/igiornidellerose.it\/main\/wp-json\/wp\/v2\/users\/1"}],"replies":[{"embeddable":true,"href":"https:\/\/igiornidellerose.it\/main\/wp-json\/wp\/v2\/comments?post=3062"}],"version-history":[{"count":19,"href":"https:\/\/igiornidellerose.it\/main\/wp-json\/wp\/v2\/posts\/3062\/revisions"}],"predecessor-version":[{"id":3083,"href":"https:\/\/igiornidellerose.it\/main\/wp-json\/wp\/v2\/posts\/3062\/revisions\/3083"}],"wp:featuredmedia":[{"embeddable":true,"href":"https:\/\/igiornidellerose.it\/main\/wp-json\/wp\/v2\/media\/3068"}],"wp:attachment":[{"href":"https:\/\/igiornidellerose.it\/main\/wp-json\/wp\/v2\/media?parent=3062"}],"wp:term":[{"taxonomy":"category","embeddable":true,"href":"https:\/\/igiornidellerose.it\/main\/wp-json\/wp\/v2\/categories?post=3062"},{"taxonomy":"post_tag","embeddable":true,"href":"https:\/\/igiornidellerose.it\/main\/wp-json\/wp\/v2\/tags?post=3062"}],"curies":[{"name":"wp","href":"https:\/\/api.w.org\/{rel}","templated":true}]}}