{"id":3188,"date":"2023-05-17T22:10:27","date_gmt":"2023-05-17T20:10:27","guid":{"rendered":"https:\/\/igiornidellerose.it\/main\/?p=3188"},"modified":"2023-05-17T22:41:57","modified_gmt":"2023-05-17T20:41:57","slug":"manga-in-italia-storia-e-influenza","status":"publish","type":"post","link":"https:\/\/igiornidellerose.it\/main\/manga-in-italia-storia-e-influenza\/","title":{"rendered":"MANGA IN ITALIA: storia e influenza"},"content":{"rendered":"<p><em>Intervista a Claudio Ferracci, direttore della Biblioteca delle Nuvole<\/em><br \/>\n<em>Conferenza sabato 27 maggio, ore 10.30<\/em><\/p>\n<p><em>a cura di Aureliana Del Commoda<\/em><\/p>\n<hr \/>\n<p>AdC: Eccoci qui ci ritroviamo ancora a condividere una piacevole collaborazione culturale: la prima volta fu all&#8217;Universit\u00e0 per Stranieri nell&#8217;ambito dell&#8217;evento Tricolore e Sollevante, quando Lei insieme alla responsabile della casa editrice Star Comics (Claudia Bovini -NdR-) tenne una lezione sul fumetto in Italia e i manga cui segu\u00ec la proiezione del film d&#8217;animazione Porco Rosso (letteralmente \u201cmaiale cremisi\u201d) scritto e diretto nel 1992 da un grande regista Hayao Miyazaki.<\/p>\n<p>CF: Mi ricordo, un&#8217;aula gremita, era la prima volta che entravo all&#8217;Universit\u00e0 per Stranieri ed il pubblico era molto interessato.<\/p>\n<p>AdC: Fu un successo, era l&#8217;ultimo giorno dell&#8217;evento, il 1\u00b0 giugno 2016, che chiuse in bellezza!<br \/>\nVeniamo al presente, Lei verr\u00e0 a Villa Fidelia a tenere una conferenza sabato 27 maggio alle 10.30, dal titolo \u201cManga in Italia: storia ed influenza\u201d.<\/p>\n<p>CF: S\u00ec certo, ma non sar\u00f2 da solo si tratter\u00e0 di un dialogo, per rendere l&#8217;intervento pi\u00f9 vivace. Con me ci sar\u00e0 Francesca Quaglietti, che \u00e8 la responsabile della comunicazione qui alla Biblioteca delle Nuvole.<\/p>\n<p><img loading=\"lazy\" decoding=\"async\" class=\"alignnone wp-image-3193 size-full\" src=\"https:\/\/igiornidellerose.it\/main\/wp-content\/uploads\/2023\/05\/manga-2.jpg\" alt=\"\" width=\"1200\" height=\"800\" srcset=\"https:\/\/igiornidellerose.it\/main\/wp-content\/uploads\/2023\/05\/manga-2.jpg 1200w, https:\/\/igiornidellerose.it\/main\/wp-content\/uploads\/2023\/05\/manga-2-400x267.jpg 400w, https:\/\/igiornidellerose.it\/main\/wp-content\/uploads\/2023\/05\/manga-2-1024x683.jpg 1024w, https:\/\/igiornidellerose.it\/main\/wp-content\/uploads\/2023\/05\/manga-2-768x512.jpg 768w, https:\/\/igiornidellerose.it\/main\/wp-content\/uploads\/2023\/05\/manga-2-450x300.jpg 450w\" sizes=\"(max-width: 1200px) 100vw, 1200px\" \/><\/p>\n<p><strong>DOMANDE<\/strong><\/p>\n<p><strong>1)<\/strong><\/p>\n<p>AdC: Come le \u00e8 nata l&#8217;idea di creare una biblioteca monotematica, specializzata nel fumetto?<\/p>\n<p>CF: Forse per pi\u00f9 di una ragione. Premetto di essere sempre stato appassionato di fumetti ed anche di disegno; come alcuni musicisti che hanno l&#8217;orecchio assoluto, io avevo una abilit\u00e0 innata nel disegnare e farlo mi ha sempre appassionato, lo faccio tutt&#8217;ora, io sto bene quando disegno.<br \/>\nComunque tornando ai fumetti, ne leggevo molti e sin da piccolissimo ero in grado di riconoscere la mano differente di un disegnatore o un altro quando leggevo Topolino. A casa mia ne avevo collezionati cos\u00ec tanti di fumetti che mi capitava anche di prestarli e tenevo un quaderno nel quale appuntavo i nomi degli amici a cui li prestavo.<\/p>\n<p>AdC: Evidentemente era gi\u00e0 in Lei lo spirito del bibliotecario.<\/p>\n<p>CF: Gi\u00e0. Molti anni pi\u00f9 tardi, verso la cinquantina, mi son detto che anzich\u00e9 disperdere la mia collezione, tra l&#8217;altro non ho figli, sarebbe stato utile metterli a disposizione di tutti, anche perch\u00e9 l&#8217;idea di lasciarli l\u00ec mi sembrava \u201cun&#8217;idea mortifera\u201d. Con un gruppo di amici fondammo l&#8217;associazione culturale Umbria fumetto nel 1993, organizzammo il Festival internazionale del fumetto (il primo del genere in Umbria) e iniziative affini; mancando per\u00f2 i fondi, nel 2000, non abbiamo pi\u00f9 potuto portare avanti il progetto, cos\u00ec ho avuto l&#8217;idea di creare una biblioteca tematica.<br \/>\nInizialmente il Comune di Perugia mise a disposizione i locali della biblioteca di quartiere di Madonna Alta dismessa da anni, cos\u00ec nel 2002 nacque la Biblioteca delle Nuvole, gestita da me assieme ad alcuni volontari. Nel 2008 \u00e8 diventata biblioteca comunale.<br \/>\nRecentemente, dall&#8217;ottobre 2020, la biblioteca si \u00e8 trasferita di fronte alla Stazione di Fontivegge e da quel momento sono aumentati notevolmente gli utenti, che anche per mezzo del minimetr\u00f2 possono raggiungerla pi\u00f9 agevolmente.<\/p>\n<p><strong>2)<\/strong><\/p>\n<p>AdC: Come ha scelto il nome della biblioteca?<\/p>\n<p>CF: Il nome biblioteca delle Nuvole mi \u00e8 venuto spontaneo pensando alle nuvolette in cui sono inseriti i dialoghi dei fumetti.<\/p>\n<p><strong>3)<\/strong><\/p>\n<p>AdC: Quante biblioteca analoghe ci sono in Italia e nel mondo?<\/p>\n<p>CF: Non \u00e8 facile da dirsi, comunque pochissime: a Cremona esiste un centro fumetti, ma non \u00e8 comunale; a Cagliari c&#8217;\u00e8 un centro studi specializzato sul fumetto ma senza prestito, n\u00e8 ci sono promozioni di alcun tipo.<br \/>\nIn Francia, per esempio, ce ne \u00e8 una molto grande ed importante ad Angoul\u00e8me, citt\u00e0 dove, dal 1974, si tiene anche un grande festival internazionale del fumetto (Festival del la bande dessin\u00e9e). Preciso che nelle biblioteche francesi i fumetti sono catalogati insieme agli altri libri, non c&#8217;\u00e8 una separazione netta fra i due, in quanto il fumetto tende ad avere la stessa dignit\u00e0 del libro. In Italia, al contrario, fino a non poco tempo fa il fumetto era ancora \u201cghettizzato\u201d; adesso c&#8217;\u00e8 un cambio di passo e anche l&#8217;editoria se ne sta interessando molto, il mercato in tal senso tira. Per fare un esempio, senza andare lontano, qui in Umbria abbiamo una casa editrice che ha avuto l&#8217;intuizione di stampare le anime giapponesi rilegandole al contrario (come in Giappone), a destra, ed ha avuto molto successo, tanto che recentemente \u00e8 stata acquisita da una grande casa editrice nazionale.<br \/>\nAnche nelle biblioteche scolastiche italiane adesso il fumetto sta facendo il suo ingresso, meglio chiamarlo \u201cgraphic novel\u201d, ovvero fumetto da libreria, proprio per nobilitarlo. In passato infatti il fumetto era considerato un sottogenere della letteratura (per bambini o per persone incolte), non rappresentando un genere a s\u00e9.<br \/>\nUna facezia: nel parlato c&#8217;\u00e8 un espressione per denigrare un film scadente: \u201cquesto film \u00e8 un fumettone\u201d, proprio perch\u00e9 il fumetto era considerato di poco conto.<\/p>\n\n\t\t<style type=\"text\/css\">\n\t\t\t#gallery-1 {\n\t\t\t\tmargin: auto;\n\t\t\t}\n\t\t\t#gallery-1 .gallery-item {\n\t\t\t\tfloat: left;\n\t\t\t\tmargin-top: 10px;\n\t\t\t\ttext-align: center;\n\t\t\t\twidth: 50%;\n\t\t\t}\n\t\t\t#gallery-1 img {\n\t\t\t\tborder: 2px solid #cfcfcf;\n\t\t\t}\n\t\t\t#gallery-1 .gallery-caption {\n\t\t\t\tmargin-left: 0;\n\t\t\t}\n\t\t\t\/* see gallery_shortcode() in wp-includes\/media.php *\/\n\t\t<\/style>\n\t\t<div id='gallery-1' class='gallery galleryid-3188 gallery-columns-2 gallery-size-large'><dl class='gallery-item'>\n\t\t\t<dt class='gallery-icon landscape'>\n\t\t\t\t<a href='https:\/\/igiornidellerose.it\/main\/manga-in-italia-storia-e-influenza\/manga-3\/'><img loading=\"lazy\" decoding=\"async\" width=\"1024\" height=\"683\" src=\"https:\/\/igiornidellerose.it\/main\/wp-content\/uploads\/2023\/05\/manga-3-1024x683.jpg\" class=\"attachment-large size-large\" alt=\"\" srcset=\"https:\/\/igiornidellerose.it\/main\/wp-content\/uploads\/2023\/05\/manga-3-1024x683.jpg 1024w, https:\/\/igiornidellerose.it\/main\/wp-content\/uploads\/2023\/05\/manga-3-400x267.jpg 400w, https:\/\/igiornidellerose.it\/main\/wp-content\/uploads\/2023\/05\/manga-3-768x512.jpg 768w, https:\/\/igiornidellerose.it\/main\/wp-content\/uploads\/2023\/05\/manga-3-450x300.jpg 450w, https:\/\/igiornidellerose.it\/main\/wp-content\/uploads\/2023\/05\/manga-3.jpg 1200w\" sizes=\"(max-width: 1024px) 100vw, 1024px\" \/><\/a>\n\t\t\t<\/dt><\/dl><dl class='gallery-item'>\n\t\t\t<dt class='gallery-icon landscape'>\n\t\t\t\t<a href='https:\/\/igiornidellerose.it\/main\/manga-in-italia-storia-e-influenza\/manga-4\/'><img loading=\"lazy\" decoding=\"async\" width=\"1024\" height=\"683\" src=\"https:\/\/igiornidellerose.it\/main\/wp-content\/uploads\/2023\/05\/manga-4-1024x683.jpg\" class=\"attachment-large size-large\" alt=\"\" srcset=\"https:\/\/igiornidellerose.it\/main\/wp-content\/uploads\/2023\/05\/manga-4-1024x683.jpg 1024w, https:\/\/igiornidellerose.it\/main\/wp-content\/uploads\/2023\/05\/manga-4-400x267.jpg 400w, https:\/\/igiornidellerose.it\/main\/wp-content\/uploads\/2023\/05\/manga-4-768x512.jpg 768w, https:\/\/igiornidellerose.it\/main\/wp-content\/uploads\/2023\/05\/manga-4-450x300.jpg 450w, https:\/\/igiornidellerose.it\/main\/wp-content\/uploads\/2023\/05\/manga-4.jpg 1200w\" sizes=\"(max-width: 1024px) 100vw, 1024px\" \/><\/a>\n\t\t\t<\/dt><\/dl><br style=\"clear: both\" \/>\n\t\t<\/div>\n\n<p><strong>4)<\/strong><\/p>\n<p>AdC: Come si \u00e8 modificata la percezione del fumetto?<\/p>\n<p>CF: Nel tempo, comunque a partire dagli anni sessanta, periodo durante il quale sono stati fatti per la prima volta importanti studi sul fumetto e, grazie all&#8217;interessamento di intellettuali di aerea di centro e di sinistra come Dino Buzzati, Oreste Del Buono, Elio Vittorini, Umberto Eco, etc., il fumetto \u00e8 stato promosso a materia di studio anche accademico, riconoscendo quindi maggior dignit\u00e0 al suo linguaggio.<br \/>\nCos\u00ec nel 1964 a Bordighera nasce il primo Salone Internazionale dell&#8217;Umorismo.<br \/>\nNel 1965, a Milano, esce Linus la prima rivista al mondo con fumetti per adulti e dove i protagonisti (Charlie Brown, Snoopy) sono bambini ma le tematiche sono degli adulti, un periodico particolare e colto.<\/p>\n<p><strong>5)<\/strong><\/p>\n<p>AdC: Quali sono le attivit\u00e0 svolte dalla Biblioteca delle Nuvole?<\/p>\n<p>CF: L&#8217;attivit\u00e0 principale \u00e8 la lettura in sala e il prestito. Spesso ospitiamo la presentazione di libri sul fumetto o a fumetti o libri illustrati, la c.d. narrativa disegnata. Organizziamo, inoltre, corsi di disegno e di tecnica del fumetto e collaboriamo molto con le scuole del territorio. In questo periodo, ad esempio, stiamo collaborando con l&#8217;I.T.I.S. Capitini di Perugia sul progetto di aggiornamento dei bibliotecari scolastici dell&#8217;Umbria. Stiamo tenendo un corso a Gubbio, alla biblioteca Sperelliana, volto alla sensibilizzazione della narrativa disegnata a cui partecipano i ragazzi delle scuole superiori di quella cittadina.<br \/>\nUn altro progetto, sempre in corso, \u00e8 con una associazione di Pietrafitta che sta stampando un opuscolo sul pittore Perugino e che ha richiesto a noi di occuparci delle illustrazioni.<br \/>\nMolto interessante anche il progetto in corso con il Dipartimento di Matematica che vuole scrivere un volume a fumetti sulle vite di matematici poco conosciuti allo scopo di stimolare gli studenti delle scuole superiori e invogliarli allo studio della matematica; in effetti il fumetto \u00e8 uno strumento efficace per comunicare a vari livelli.<br \/>\nE&#8217; in atto anche una collaborazione con il Museo della Penna di Perugia che attualmente ospita la mostra itinerante Anthropocene, sulla crisi ambientale e alla quale abbiamo collegato altre tre mostre montate da noi: la prima dedicata a Bambi nei cento anni della sua nascita dalla penna di Felix Salten (NdR &#8211; difensore della vita serena nella foresta); la seconda composta di dodici illustrazioni sugli accadimenti ambientali del pianeta, su disegni di Montesanti, per un calendario commissionato dall&#8217;Arpa Umbra; la terza intitolata Tarzan (NdR &#8211; primo personaggio multimediale della storia, creato nel 1912).<\/p>\n<p><strong>6)<\/strong><\/p>\n<p>AdC: La biblioteca \u00e8 gestita da Lei &#8211; fondatore e Direttore &#8211; e da un gruppo di volontari, chi sono i volontari ?<\/p>\n<p>CF: Da quando ha aperto la biblioteca, il mercoled\u00ec sera, tengo dei corsi gratuiti di disegno e molti dei frequentatori poi, pi\u00f9 o meno giovani, si sono appassionati, rimanendo come collaboratori. Io personalmente finch\u00e9 lavoravo, ero impiegato in comune, dedicavo alla biblioteca tutto il tempo libero che avevo ed ora che sono in pensione a maggior ragione.<br \/>\nAdC: A proposito di disegno, sa, a casa ho delle carte da gioco, Il Mercante in Fiera alla Perugina, illustrate da Lei !<br \/>\nCF: S\u00ec, le ho disegnate io ma ne ho illustrate anche altre: Il Mercante dei Freghi Perugini, Tombola alla Perugina, ll Pinocchio alla Perugina e Cappuccetti Rosci, ho disegnato tanto!<\/p>\n\n\t\t<style type=\"text\/css\">\n\t\t\t#gallery-2 {\n\t\t\t\tmargin: auto;\n\t\t\t}\n\t\t\t#gallery-2 .gallery-item {\n\t\t\t\tfloat: left;\n\t\t\t\tmargin-top: 10px;\n\t\t\t\ttext-align: center;\n\t\t\t\twidth: 50%;\n\t\t\t}\n\t\t\t#gallery-2 img {\n\t\t\t\tborder: 2px solid #cfcfcf;\n\t\t\t}\n\t\t\t#gallery-2 .gallery-caption {\n\t\t\t\tmargin-left: 0;\n\t\t\t}\n\t\t\t\/* see gallery_shortcode() in wp-includes\/media.php *\/\n\t\t<\/style>\n\t\t<div id='gallery-2' class='gallery galleryid-3188 gallery-columns-2 gallery-size-large'><dl class='gallery-item'>\n\t\t\t<dt class='gallery-icon landscape'>\n\t\t\t\t<a href='https:\/\/igiornidellerose.it\/main\/manga-in-italia-storia-e-influenza\/manga-5\/'><img loading=\"lazy\" decoding=\"async\" width=\"1024\" height=\"683\" src=\"https:\/\/igiornidellerose.it\/main\/wp-content\/uploads\/2023\/05\/manga-5-1024x683.jpg\" class=\"attachment-large size-large\" alt=\"\" srcset=\"https:\/\/igiornidellerose.it\/main\/wp-content\/uploads\/2023\/05\/manga-5-1024x683.jpg 1024w, https:\/\/igiornidellerose.it\/main\/wp-content\/uploads\/2023\/05\/manga-5-400x267.jpg 400w, https:\/\/igiornidellerose.it\/main\/wp-content\/uploads\/2023\/05\/manga-5-768x512.jpg 768w, https:\/\/igiornidellerose.it\/main\/wp-content\/uploads\/2023\/05\/manga-5-450x300.jpg 450w, https:\/\/igiornidellerose.it\/main\/wp-content\/uploads\/2023\/05\/manga-5.jpg 1200w\" sizes=\"(max-width: 1024px) 100vw, 1024px\" \/><\/a>\n\t\t\t<\/dt><\/dl><dl class='gallery-item'>\n\t\t\t<dt class='gallery-icon landscape'>\n\t\t\t\t<a href='https:\/\/igiornidellerose.it\/main\/manga-in-italia-storia-e-influenza\/manga-6\/'><img loading=\"lazy\" decoding=\"async\" width=\"1024\" height=\"683\" src=\"https:\/\/igiornidellerose.it\/main\/wp-content\/uploads\/2023\/05\/manga-6-1024x683.jpg\" class=\"attachment-large size-large\" alt=\"\" srcset=\"https:\/\/igiornidellerose.it\/main\/wp-content\/uploads\/2023\/05\/manga-6-1024x683.jpg 1024w, https:\/\/igiornidellerose.it\/main\/wp-content\/uploads\/2023\/05\/manga-6-400x267.jpg 400w, https:\/\/igiornidellerose.it\/main\/wp-content\/uploads\/2023\/05\/manga-6-768x512.jpg 768w, https:\/\/igiornidellerose.it\/main\/wp-content\/uploads\/2023\/05\/manga-6-450x300.jpg 450w, https:\/\/igiornidellerose.it\/main\/wp-content\/uploads\/2023\/05\/manga-6.jpg 1200w\" sizes=\"(max-width: 1024px) 100vw, 1024px\" \/><\/a>\n\t\t\t<\/dt><\/dl><br style=\"clear: both\" \/>\n\t\t<\/div>\n\n<p><strong>7)<\/strong><\/p>\n<p>AdC: Chi \u00e8 il pubblico interessato al fumetto? Chi frequenta la biblioteca delle Nuvole?<\/p>\n<p>CF: Ci sono frequentazioni di tutti i tipi ma per lo pi\u00f9 adulti, universitari e anche famiglie. Le famiglie si trovano bene da noi, la nostra offerta si declina per tutte le preferenze, infatti mentre un pap\u00e0 legge Tex (NdR &#8211; il western a fumetti all&#8217;italiana nato nel lontano 1948 dall&#8217;idea di Luigi Bonelli, disegnatore Aurelio Galleppini) oppure Dylan Dog (NdR &#8211; altro fumetto italiano, genere horror, creato nel 1986), la mamma si diletta con Lucrezia (della fumettista Silvia Ziche), la bambina legge Le streghette W.I.T.C.H. Disney e il bambino un manga per ragazzini.<\/p>\n<p>AdC: Dunque ci sono letture per tutta la famiglia.<\/p>\n<p>CF: Proprio cos\u00ec, con il fumetto si pu\u00f2 raccontare qualsiasi cosa: una storia, un&#8217;avventura ma anche un fatto di cronaca, un fatto di storia, l&#8217;educazione civica, le biografie di personaggi famosi, etc.<\/p>\n<p><strong>8)<\/strong><\/p>\n<p>AdC: Fumettisti famosi in Italia?<\/p>\n<p>CF: Ce ne sono tanti, Altan con i suoi disegni fa una satira politica raffinata, prendendo in giro i politici. E&#8217; il creatore della Pimpa, bellissime le sue storie a fumetti di Cristoforo Colombo e di San Francesco. Jacovitti, quest&#8217;anno per i cento anni dalla nascita di Jacovitti abbiamo organizzato una mostra in suo onore alla nuova Biblioteca degli Arconi, un vignettista con uno stile surreale e grottesco ma sempre leggero e gioioso. Hugo Pratt, il creatore di Corto Maltese. Milo Manara che su Linus pubblic\u00f2 a puntate Il Nome della Rosa. Le sorelle Giussani che nel 1962 crearono il personaggio di Diabolik. Guido Crepax che nel 1965 su Linus pubblic\u00f2 Le storie di Valentina.<\/p>\n<p><strong>9)<\/strong><\/p>\n<p>AdC: Che ruolo ha l&#8217;Italia nella storia del fumetto ?<\/p>\n<p>CF: Importante, \u00e8 il primo paese ad aver creato il fumetto per adulti (Linus) .Sono storicamente sei i paesi ispiratori per la storia del fumetto: Italia, Giappone, Francia col Belgio, USA, Argentina. L&#8217;Argentina storicamente \u00e8 strettamente collegata all&#8217;Italia, infatti nel 1932 Mondadori pubblic\u00f2 Topolino il cui direttore era Civita, un ebreo che a causa delle note legge razziali fu costretto a fuggire prima a New York e poi in Argentina dove, a Buenos Aires, fond\u00f2 una casa editrice. Fu la pi\u00f9 importante del Paese e vi chiam\u00f2 a collaborare grandi fumettisti italiani come Hugo Pratt ed altri che contribuirono a formare una grande scuola del fumetto in quel Paese.<\/p>\n<p><strong>10)<\/strong><\/p>\n<p>AdC: Quando usc\u00ec il primo fumetto in Italia?<\/p>\n<p>CF: Nel 1908 usc\u00ec il primo numero del Corriere dei Piccoli, il primo giornale a fumetti per i bambini, con le scritte sotto al disegno, mentre la nuvoletta comparir\u00e0 nel 1920.<br \/>\nIl capostipite del fumetto \u00e8 considerato lo Yellow Kid che era un supplemento domenicale di un quotidiano di New York, negli USA, nel 1895.<br \/>\nAdC: Grazie e a rivederci la mattina di sabato 27 a Villa Fidelia a Spello per la lezione.<\/p>\n<p style=\"text-align: right;\"><em>Biblioteca delle Nuvole<\/em><br \/>\n<em>P.zza V. Veneto, Perugia (davanti alla stazione di Fontivegge)<\/em><br \/>\n<em>bibliotecadellenuvole@gmail.com<\/em><\/p>\n","protected":false},"excerpt":{"rendered":"<p>Intervista a Claudio Ferracci, direttore della Biblioteca delle Nuvole Conferenza sabato 27 maggio, ore 10.30 a cura di Aureliana Del Commoda AdC: Eccoci qui ci ritroviamo ancora a condividere una piacevole collaborazione culturale: la prima volta fu all&#8217;Universit\u00e0 per Stranieri nell&#8217;ambito dell&#8217;evento Tricolore e Sollevante, quando Lei insieme alla responsabile della casa editrice Star Comics [&hellip;]<\/p>\n","protected":false},"author":1,"featured_media":3194,"comment_status":"closed","ping_status":"closed","sticky":false,"template":"","format":"standard","meta":{"footnotes":""},"categories":[46],"tags":[145,144,147,146],"_links":{"self":[{"href":"https:\/\/igiornidellerose.it\/main\/wp-json\/wp\/v2\/posts\/3188"}],"collection":[{"href":"https:\/\/igiornidellerose.it\/main\/wp-json\/wp\/v2\/posts"}],"about":[{"href":"https:\/\/igiornidellerose.it\/main\/wp-json\/wp\/v2\/types\/post"}],"author":[{"embeddable":true,"href":"https:\/\/igiornidellerose.it\/main\/wp-json\/wp\/v2\/users\/1"}],"replies":[{"embeddable":true,"href":"https:\/\/igiornidellerose.it\/main\/wp-json\/wp\/v2\/comments?post=3188"}],"version-history":[{"count":10,"href":"https:\/\/igiornidellerose.it\/main\/wp-json\/wp\/v2\/posts\/3188\/revisions"}],"predecessor-version":[{"id":3216,"href":"https:\/\/igiornidellerose.it\/main\/wp-json\/wp\/v2\/posts\/3188\/revisions\/3216"}],"wp:featuredmedia":[{"embeddable":true,"href":"https:\/\/igiornidellerose.it\/main\/wp-json\/wp\/v2\/media\/3194"}],"wp:attachment":[{"href":"https:\/\/igiornidellerose.it\/main\/wp-json\/wp\/v2\/media?parent=3188"}],"wp:term":[{"taxonomy":"category","embeddable":true,"href":"https:\/\/igiornidellerose.it\/main\/wp-json\/wp\/v2\/categories?post=3188"},{"taxonomy":"post_tag","embeddable":true,"href":"https:\/\/igiornidellerose.it\/main\/wp-json\/wp\/v2\/tags?post=3188"}],"curies":[{"name":"wp","href":"https:\/\/api.w.org\/{rel}","templated":true}]}}